{"id":1000,"date":"2024-07-18T15:02:30","date_gmt":"2024-07-18T15:02:30","guid":{"rendered":"https:\/\/www.culturalusa.net\/news\/?p=1000"},"modified":"2024-07-18T15:03:00","modified_gmt":"2024-07-18T15:03:00","slug":"crise-da-habitacao-mario-centeno-alerta-banco-de-portugal-pediu-cautela","status":"publish","type":"post","link":"https:\/\/www.culturalusa.net\/news\/economia\/crise-da-habitacao-mario-centeno-alerta-banco-de-portugal-pediu-cautela\/","title":{"rendered":"Crise da Habita\u00e7\u00e3o : M\u00e1rio Centeno alerta, Banco de Portugal pediu cautela"},"content":{"rendered":"<h2>M\u00e1rio Centeno, governador do Banco de Portugal, pediu cautela na implementa\u00e7\u00e3o de medidas para responder \u00e0 <span style=\"color: #800000;\">crise da habita\u00e7\u00e3o<\/span> que assentem no lado da procura, j\u00e1 que podem exercer &#8220;press\u00e3o adicional&#8221; enquanto n\u00e3o h\u00e1 oferta.<\/h2>\n<blockquote><p>Para Centeno, o elemento essencial na atual situa\u00e7\u00e3o da habita\u00e7\u00e3o \u00e9 &#8220;permitir a expans\u00e3o da oferta&#8221;, segundo sinalizou em entrevista \u00e0 Revista 100 maiores e melhores empresas do jornal &#8220;Regi\u00e3o de Leiria&#8221;.<\/p><\/blockquote>\n<p>Do lado da procura, \u00e9 necess\u00e1ria cautela na implementa\u00e7\u00e3o de medidas de forma a evitar press\u00e3o adicional, enquanto a oferta n\u00e3o se ajustar&#8221;, alertou o governador.<\/p>\n<p>O ex-ministro das Finan\u00e7as recordou que, &#8220;ap\u00f3s a crise financeira e a crise da d\u00edvida soberana, a evolu\u00e7\u00e3o da oferta habitacional em Portugal foi bastante condicionada&#8221; e que a &#8220;recupera\u00e7\u00e3o da atividade de constru\u00e7\u00e3o tem sido lenta&#8221;.<\/p>\n<p>Por outro lado, admitiu que tamb\u00e9m existiram fatores relevantes do lado da procura, como o &#8220;aumento do rendimento dispon\u00edvel das fam\u00edlias, o aumento da participa\u00e7\u00e3o de compradores n\u00e3o residentes ou da popula\u00e7\u00e3o estrangeira residente&#8221;.<\/p>\n<h3>Entre a procura e a oferta, ter\u00e1 de existir ent\u00e3o um &#8220;equil\u00edbrio delicado&#8221; nas medidas, assumiu.<\/h3>\n<p>\u00c9 de recordar que o executivo de Lu\u00eds Montenegro reverteu algumas medidas do pacote Mais Habita\u00e7\u00e3o, aprovado pelo Governo de Ant\u00f3nio Costa, tendo tamb\u00e9m avan\u00e7ado com novas medidas focadas nos jovens (at\u00e9 aos 35 anos), nomeadamente com a isen\u00e7\u00e3o de IMT (Imposto Municipal sobre as Transmiss\u00f5es Onerosas de Im\u00f3veis) e Imposto do Selo na compra da primeira casa e uma garantia do Estado para obter um financiamento de 100% no cr\u00e9dito \u00e0 habita\u00e7\u00e3o.<\/p>\n<p>Nesta entrevista, Centeno foi tamb\u00e9m questionado sobre a import\u00e2ncia de aprovar o Or\u00e7amento do Estado para 2025, tendo sinalizado que a &#8220;estabilidade e previsibilidade das pol\u00edticas econ\u00f3micas \u00e9 fundamental para a economia&#8221;.<\/p>\n<p>O governador assumiu que Portugal tem, atualmente, uma &#8220;avalia\u00e7\u00e3o positiva&#8221; no que diz respeito \u00e0s contas p\u00fablicas, depois de se ter verificado &#8220;uma redu\u00e7\u00e3o significativa do endividamento, uma melhoria da situa\u00e7\u00e3o or\u00e7amental, um crescimento da atividade econ\u00f3mica, com converg\u00eancia para a \u00e1rea do euro, e o fortalecimento do sistema financeiro&#8221;.<\/p>\n<p>Mesmo assim, deixou o alerta de que a &#8220;manuten\u00e7\u00e3o dos equil\u00edbrios macroecon\u00f3micos \u00e9 relevante em termos da credibilidade externa do pa\u00eds, assim como para a capacidade de acomodar futuros choques&#8221;.<\/p>\n<p>O executivo de Lu\u00eds Montenegro prev\u00ea conseguir um excedente em torno de 0,2% e 0,3% do Produto Interno Bruto (PIB) este ano, mas isto apenas tendo em conta as medidas do Governo, pelo que faltar\u00e1 ainda contabilizar medidas aprovadas pela oposi\u00e7\u00e3o no parlamento e ainda o que resultar das negocia\u00e7\u00f5es para o Or\u00e7amento do Estado para 2025. (Ag.Lusa)<\/p>\n","protected":false},"excerpt":{"rendered":"<p>M\u00e1rio Centeno, governador do Banco de Portugal, pediu cautela na implementa\u00e7\u00e3o de medidas para responder \u00e0 crise da habita\u00e7\u00e3o que assentem no lado da procura, j\u00e1 que podem exercer &#8220;press\u00e3o adicional&#8221; enquanto n\u00e3o h\u00e1 oferta. Para Centeno, o elemento essencial na atual situa\u00e7\u00e3o da habita\u00e7\u00e3o \u00e9 &#8220;permitir a expans\u00e3o da oferta&#8221;, segundo sinalizou em entrevista [&hellip;]<\/p>\n","protected":false},"author":1,"featured_media":1001,"comment_status":"closed","ping_status":"open","sticky":false,"template":"","format":"standard","meta":{"footnotes":""},"categories":[131],"tags":[312,310,311],"class_list":["post-1000","post","type-post","status-publish","format-standard","has-post-thumbnail","hentry","category-economia","tag-banco-de-portugal-pediu-cautela","tag-crise-da-habitacao","tag-mario-centeno-alerta"],"aioseo_notices":[],"_links":{"self":[{"href":"https:\/\/www.culturalusa.net\/news\/wp-json\/wp\/v2\/posts\/1000","targetHints":{"allow":["GET"]}}],"collection":[{"href":"https:\/\/www.culturalusa.net\/news\/wp-json\/wp\/v2\/posts"}],"about":[{"href":"https:\/\/www.culturalusa.net\/news\/wp-json\/wp\/v2\/types\/post"}],"author":[{"embeddable":true,"href":"https:\/\/www.culturalusa.net\/news\/wp-json\/wp\/v2\/users\/1"}],"replies":[{"embeddable":true,"href":"https:\/\/www.culturalusa.net\/news\/wp-json\/wp\/v2\/comments?post=1000"}],"version-history":[{"count":1,"href":"https:\/\/www.culturalusa.net\/news\/wp-json\/wp\/v2\/posts\/1000\/revisions"}],"predecessor-version":[{"id":1002,"href":"https:\/\/www.culturalusa.net\/news\/wp-json\/wp\/v2\/posts\/1000\/revisions\/1002"}],"wp:featuredmedia":[{"embeddable":true,"href":"https:\/\/www.culturalusa.net\/news\/wp-json\/wp\/v2\/media\/1001"}],"wp:attachment":[{"href":"https:\/\/www.culturalusa.net\/news\/wp-json\/wp\/v2\/media?parent=1000"}],"wp:term":[{"taxonomy":"category","embeddable":true,"href":"https:\/\/www.culturalusa.net\/news\/wp-json\/wp\/v2\/categories?post=1000"},{"taxonomy":"post_tag","embeddable":true,"href":"https:\/\/www.culturalusa.net\/news\/wp-json\/wp\/v2\/tags?post=1000"}],"curies":[{"name":"wp","href":"https:\/\/api.w.org\/{rel}","templated":true}]}}