{"id":1092,"date":"2024-09-04T14:45:14","date_gmt":"2024-09-04T14:45:14","guid":{"rendered":"https:\/\/www.culturalusa.net\/news\/?p=1092"},"modified":"2024-09-04T14:45:14","modified_gmt":"2024-09-04T14:45:14","slug":"portugal-governo-vai-gastar-76-milhoes-com-vacinacao-contra-a-gripe-e-a-covid-19","status":"publish","type":"post","link":"https:\/\/www.culturalusa.net\/news\/portugal\/portugal-governo-vai-gastar-76-milhoes-com-vacinacao-contra-a-gripe-e-a-covid-19\/","title":{"rendered":"Portugal : Governo vai gastar 7,6 milh\u00f5es com vacina\u00e7\u00e3o contra a gripe e a Covid-19"},"content":{"rendered":"<h2>O Governo vai gastar 7,6 milh\u00f5es de euros com a vacina\u00e7\u00e3o contra a Covid-19 e a gripe nas farm\u00e1cias e quer ter mais pessoas vacinadas at\u00e9 ao final de novembro, segundo a portaria publicada em Di\u00e1rio da Rep\u00fablica.<\/h2>\n<blockquote><p>A portaria, assinada pela secret\u00e1ria de Estado da Sa\u00fade, Ana Povo, indica que, al\u00e9m da aquisi\u00e7\u00e3o das vacinas, est\u00e1 previsto &#8220;um impacto or\u00e7amental at\u00e9 7.600.000 euros, correspondente \u00e0 remunera\u00e7\u00e3o que, no total, ser\u00e1 paga \u00e0s farm\u00e1cias&#8221;, sendo sublinhado o objetivo de &#8220;assegurar elevados padr\u00f5es de efici\u00eancia e efetividade&#8221; com este processo.<\/p><\/blockquote>\n<p>&#8220;Com base na evid\u00eancia, que nos informa da maior circula\u00e7\u00e3o de v\u00edrus respirat\u00f3rios nos meses de inverno, pretende-se iniciar mais precocemente a campanha de vacina\u00e7\u00e3o sazonal do Outono-Inverno de 2024-2025, e garantir que o maior n\u00famero de pessoas eleg\u00edveis estar\u00e1 protegido at\u00e9 ao final de novembro, proporcionando uma prote\u00e7\u00e3o mais elevada durante o per\u00edodo de maior risco&#8221;, pode ler-se na portaria.<\/p>\n<p>O diploma do Governo enaltece o processo de vacina\u00e7\u00e3o contra a gripe nas farm\u00e1cias, ao notar que &#8220;as mesmas contribu\u00edram de forma muito positiva para que a vacina\u00e7\u00e3o decorresse de forma mais r\u00e1pida, o que permitiu atingir, num per\u00edodo temporal mais curto, a prote\u00e7\u00e3o populacional&#8221;.<\/p>\n<p>O refor\u00e7o da campanha de vacina\u00e7\u00e3o sazonal contra a gripe e a covid-19 no pr\u00f3ximo outono-inverno consta entre as medidas do Plano de Emerg\u00eancia e Transforma\u00e7\u00e3o da Sa\u00fade, apresentado pelo Governo no passado m\u00eas de maio.<\/p>\n<p>Nesse sentido, a portaria prev\u00ea o &#8220;alargamento da disponibiliza\u00e7\u00e3o da vacina contra a gripe de dose elevada, de forma gratuita, \u00e0s pessoas com idade igual ou superior a 85 anos, garantindo-se ainda a administra\u00e7\u00e3o desta vacina de dose elevada a todas as pessoas residentes em estruturas residenciais para idosos&#8221;.<\/p>\n<p>Embora a covid-19 tenha deixado de ser considerada pela Organiza\u00e7\u00e3o Mundial da Sa\u00fade (OMS) uma emerg\u00eancia internacional de sa\u00fade p\u00fablica, a portaria do Governo relembra que a Comiss\u00e3o Europeia continua a assegurar o acesso \u00e0 vacina em simult\u00e2neo nos seus estados-membros e reitera que o Centro Europeu para o Controlo de Doen\u00e7as (ECDC, na sigla em ingl\u00eas) mant\u00e9m a indica\u00e7\u00e3o para a vacina\u00e7\u00e3o adaptada \u00e0s estirpes do v\u00edrus SARS-CoV-2.<\/p>\n<p>&#8220;A vacina\u00e7\u00e3o contra a gripe e contra a COVID-19 \u00e9 uma interven\u00e7\u00e3o de sa\u00fade p\u00fablica extremamente importante para prevenir a transmiss\u00e3o, para reduzir a morbilidade e a mortalidade nas pessoas em maior risco e para permitir ao sistema de sa\u00fade gerir as press\u00f5es do inverno, contribuindo para reduzir a procura de cuidados de sa\u00fade e a probabilidade de hospitaliza\u00e7\u00e3o&#8221;, sustenta o diploma do Governo.<\/p>\n<p>A portaria entra em vigor no dia seguinte \u00e0 publica\u00e7\u00e3o em Di\u00e1rio da Rep\u00fablica, ou seja, esta quinta-feira. (Ag.Lusa)<\/p>\n","protected":false},"excerpt":{"rendered":"<p>O Governo vai gastar 7,6 milh\u00f5es de euros com a vacina\u00e7\u00e3o contra a Covid-19 e a gripe nas farm\u00e1cias e quer ter mais pessoas vacinadas at\u00e9 ao final de novembro, segundo a portaria publicada em Di\u00e1rio da Rep\u00fablica. A portaria, assinada pela secret\u00e1ria de Estado da Sa\u00fade, Ana Povo, indica que, al\u00e9m da aquisi\u00e7\u00e3o das [&hellip;]<\/p>\n","protected":false},"author":1,"featured_media":1093,"comment_status":"closed","ping_status":"open","sticky":false,"template":"","format":"standard","meta":{"footnotes":""},"categories":[97],"tags":[351,352],"class_list":["post-1092","post","type-post","status-publish","format-standard","has-post-thumbnail","hentry","category-portugal","tag-vacinacao-contra-a-gripe","tag-vacinacao-contra-covid-19"],"aioseo_notices":[],"_links":{"self":[{"href":"https:\/\/www.culturalusa.net\/news\/wp-json\/wp\/v2\/posts\/1092","targetHints":{"allow":["GET"]}}],"collection":[{"href":"https:\/\/www.culturalusa.net\/news\/wp-json\/wp\/v2\/posts"}],"about":[{"href":"https:\/\/www.culturalusa.net\/news\/wp-json\/wp\/v2\/types\/post"}],"author":[{"embeddable":true,"href":"https:\/\/www.culturalusa.net\/news\/wp-json\/wp\/v2\/users\/1"}],"replies":[{"embeddable":true,"href":"https:\/\/www.culturalusa.net\/news\/wp-json\/wp\/v2\/comments?post=1092"}],"version-history":[{"count":1,"href":"https:\/\/www.culturalusa.net\/news\/wp-json\/wp\/v2\/posts\/1092\/revisions"}],"predecessor-version":[{"id":1094,"href":"https:\/\/www.culturalusa.net\/news\/wp-json\/wp\/v2\/posts\/1092\/revisions\/1094"}],"wp:featuredmedia":[{"embeddable":true,"href":"https:\/\/www.culturalusa.net\/news\/wp-json\/wp\/v2\/media\/1093"}],"wp:attachment":[{"href":"https:\/\/www.culturalusa.net\/news\/wp-json\/wp\/v2\/media?parent=1092"}],"wp:term":[{"taxonomy":"category","embeddable":true,"href":"https:\/\/www.culturalusa.net\/news\/wp-json\/wp\/v2\/categories?post=1092"},{"taxonomy":"post_tag","embeddable":true,"href":"https:\/\/www.culturalusa.net\/news\/wp-json\/wp\/v2\/tags?post=1092"}],"curies":[{"name":"wp","href":"https:\/\/api.w.org\/{rel}","templated":true}]}}