{"id":1118,"date":"2024-09-12T10:16:11","date_gmt":"2024-09-12T10:16:11","guid":{"rendered":"https:\/\/www.culturalusa.net\/news\/?p=1118"},"modified":"2024-09-12T10:16:11","modified_gmt":"2024-09-12T10:16:11","slug":"douro-autarcas-defendem-taxa-turistica-para-ajudar-viticultores-em-crise","status":"publish","type":"post","link":"https:\/\/www.culturalusa.net\/news\/portugal\/douro-autarcas-defendem-taxa-turistica-para-ajudar-viticultores-em-crise\/","title":{"rendered":"Douro : Autarcas defendem taxa tur\u00edstica para ajudar viticultores em crise"},"content":{"rendered":"<h2>Os autarcas da Comunidade Intermunicipal do Douro (CIM Douro) defenderam, no Parlamento, a cria\u00e7\u00e3o de uma taxa de sustentabilidade territorial a aplicar em hot\u00e9is, barcos ou comboios tur\u00edsticos entre mar\u00e7o e outubro.<\/h2>\n<p>O desafio foi deixado aos deputados da Comiss\u00e3o de Agricultura e Pescas pelo presidente da C\u00e2mara do Peso da R\u00e9gua, distrito de Vila Real.<\/p>\n<blockquote><p>&#8220;Queremos lan\u00e7ar-vos o desafio para que possam pensar numa taxa de sustentabilidade territorial. Taxa essa que tem que ser cobrada a todos que usufruem do Patrim\u00f3nio da Humanidade e uma taxa que possa servir para ajudar os viticultores e para valorizar as suas propriedades e aumentar o rendimento&#8221;, afirmou Jos\u00e9 Manuel Gon\u00e7alves (PSD).<\/p><\/blockquote>\n<p>Na opini\u00e3o dos autarcas da CIM Douro, que agrega 19 munic\u00edpios, esta taxa seria sazonal, entre 01 de mar\u00e7o e 31 de outubro, e seria aplicada aos clientes das unidades hoteleiras, nos comboios hist\u00f3ricos e tur\u00edstico, nos barcos tur\u00edsticos, nas empresas de anima\u00e7\u00e3o tur\u00edsticas e na restaura\u00e7\u00e3o.<\/p>\n<p>&#8220;Era uma forma de darmos um sinal aos nossos viticultores que estamos preocupados&#8221;, frisou.<\/p>\n<p>Jos\u00e9 Manuel Gon\u00e7alves indicou ainda o Instituto dos Vinhos do Douro e Porto (IVDP) como a entidade reguladora que podia arrecadar essa receita e ajudar a valorizar o territ\u00f3rio.<\/p>\n<p>&#8220;A regi\u00e3o que tem a sua base econ\u00f3mica na agricultura, na vinha e no vinho, v\u00ea o turismo como uma grande oportunidade tamb\u00e9m. Os grandes investimentos que aparecem no Douro s\u00e3o uma oportunidade para diversificar a nossa atividade comercial, mas ela vai estar sempre assente na vinha e no vinho&#8221;, afirmou.<\/p>\n<p>Uma delega\u00e7\u00e3o de quatro autarcas durienses foi hoje ouvida na Comiss\u00e3o de Agricultura sobre a crise instalada no setor vit\u00edcola e a Casa do Douro, reinstitu\u00edda como associa\u00e7\u00e3o p\u00fablica de inscri\u00e7\u00e3o obrigat\u00f3ria e as elei\u00e7\u00f5es marcadas para 19 de dezembro.<\/p>\n<p>No Douro, invocando quebras nas vendas e &#8216;stocks&#8217; cheios, operadores n\u00e3o est\u00e3o a comprar uvas ou est\u00e3o a comprar em menos quantidade.<\/p>\n<p>Os agricultores alegam tamb\u00e9m que t\u00eam vindo a receber cada vez menos pelas suas uvas, enquanto os custos de produ\u00e7\u00e3o s\u00e3o cada vez maiores.<\/p>\n<p>&#8220;A regi\u00e3o n\u00e3o produz vinho suficiente para aquilo que \u00e9 a sua \u00fanica din\u00e2mica econ\u00f3mica. E essa mesma regi\u00e3o que n\u00e3o produz vinho suficiente \u00e9 a mesma que chega \u00e0s vindimas e tem um excedente de &#8216;stocks&#8217; de vinhos e h\u00e1 produtores sem terem a quem entregar as uvas&#8221;, referiu Jos\u00e9 Manuel Gon\u00e7alves.<\/p>\n<p>O autarca apontou como uma das causas para esta situa\u00e7\u00e3o as importa\u00e7\u00f5es de vinhos de fora da regi\u00e3o e defendeu que os excedentes do Douro deviam ser usados na produ\u00e7\u00e3o de aguardente a incorporar no vinho do Porto.<\/p>\n<p>O presidente da CIM Douro, Lu\u00eds Machado, real\u00e7ou a necessidade de uma maior fiscaliza\u00e7\u00e3o nesta vindima, mas apontou a falta de recursos por parte do IVDP e lembrou as cativa\u00e7\u00f5es das taxas pagas pelos viticultores, defendendo que esta receita deve ficar na regi\u00e3o e ser aplicada na promo\u00e7\u00e3o do territ\u00f3rio e do seu vinho.<\/p>\n<p>Quanto \u00e0 Casa do Douro, o tamb\u00e9m presidente da C\u00e2mara de Santa Marta de Penagui\u00e3o (PS), frisou que &#8220;os 19 autarcas do Douro se sentem confort\u00e1veis com os atuais diplomas&#8221;, aprovados em janeiro, considerando que eles representam &#8220;a vontade da maioria esmagadora dos 19 viticultores que se espalham pela regi\u00e3o&#8221;.<\/p>\n<p>&#8220;\u00c9 a oportunidade de n\u00f3s conseguirmos equilibrar o conselho interprofissional do IVDP&#8221;, defendeu, lembrando que o conselho junta as duas profiss\u00f5es: com\u00e9rcio e produ\u00e7\u00e3o.<\/p>\n<p>O autarca da R\u00e9gua frisou tamb\u00e9m que a Casa do Douro \u00e9 &#8220;uma vontade dos durienses&#8221;.<\/p>\n<p>&#8220;H\u00e1 gente que invoca que esta organiza\u00e7\u00e3o vem do Estado Novo, o que \u00e9 para mim uma novidade porque foi nos governos do professor Cavaco Silva que a inscri\u00e7\u00e3o obrigat\u00f3ria aconteceu e eu n\u00e3o sabia que nessa altura est\u00e1vamos no Estado Novo&#8221;, referiu.<\/p>\n<p>O parlamento aprovou em janeiro a restaura\u00e7\u00e3o da Casa do Douro como associa\u00e7\u00e3o p\u00fablica de inscri\u00e7\u00e3o obrigat\u00f3ria.<\/p>\n","protected":false},"excerpt":{"rendered":"<p>Os autarcas da Comunidade Intermunicipal do Douro (CIM Douro) defenderam, no Parlamento, a cria\u00e7\u00e3o de uma taxa de sustentabilidade territorial a aplicar em hot\u00e9is, barcos ou comboios tur\u00edsticos entre mar\u00e7o e outubro. O desafio foi deixado aos deputados da Comiss\u00e3o de Agricultura e Pescas pelo presidente da C\u00e2mara do Peso da R\u00e9gua, distrito de Vila [&hellip;]<\/p>\n","protected":false},"author":1,"featured_media":1119,"comment_status":"closed","ping_status":"open","sticky":false,"template":"","format":"standard","meta":{"footnotes":""},"categories":[97],"tags":[370,369,368],"class_list":["post-1118","post","type-post","status-publish","format-standard","has-post-thumbnail","hentry","category-portugal","tag-comunidade-intermunicipal-do-douro","tag-douro","tag-viticultores-em-crise"],"aioseo_notices":[],"_links":{"self":[{"href":"https:\/\/www.culturalusa.net\/news\/wp-json\/wp\/v2\/posts\/1118","targetHints":{"allow":["GET"]}}],"collection":[{"href":"https:\/\/www.culturalusa.net\/news\/wp-json\/wp\/v2\/posts"}],"about":[{"href":"https:\/\/www.culturalusa.net\/news\/wp-json\/wp\/v2\/types\/post"}],"author":[{"embeddable":true,"href":"https:\/\/www.culturalusa.net\/news\/wp-json\/wp\/v2\/users\/1"}],"replies":[{"embeddable":true,"href":"https:\/\/www.culturalusa.net\/news\/wp-json\/wp\/v2\/comments?post=1118"}],"version-history":[{"count":1,"href":"https:\/\/www.culturalusa.net\/news\/wp-json\/wp\/v2\/posts\/1118\/revisions"}],"predecessor-version":[{"id":1120,"href":"https:\/\/www.culturalusa.net\/news\/wp-json\/wp\/v2\/posts\/1118\/revisions\/1120"}],"wp:featuredmedia":[{"embeddable":true,"href":"https:\/\/www.culturalusa.net\/news\/wp-json\/wp\/v2\/media\/1119"}],"wp:attachment":[{"href":"https:\/\/www.culturalusa.net\/news\/wp-json\/wp\/v2\/media?parent=1118"}],"wp:term":[{"taxonomy":"category","embeddable":true,"href":"https:\/\/www.culturalusa.net\/news\/wp-json\/wp\/v2\/categories?post=1118"},{"taxonomy":"post_tag","embeddable":true,"href":"https:\/\/www.culturalusa.net\/news\/wp-json\/wp\/v2\/tags?post=1118"}],"curies":[{"name":"wp","href":"https:\/\/api.w.org\/{rel}","templated":true}]}}