{"id":1195,"date":"2024-11-06T12:02:47","date_gmt":"2024-11-06T12:02:47","guid":{"rendered":"https:\/\/www.culturalusa.net\/news\/?p=1195"},"modified":"2024-11-06T12:03:17","modified_gmt":"2024-11-06T12:03:17","slug":"donald-trump-eleito-presidente-dos-estados-unidos","status":"publish","type":"post","link":"https:\/\/www.culturalusa.net\/news\/noticias\/donald-trump-eleito-presidente-dos-estados-unidos\/","title":{"rendered":"Donald Trump eleito presidente dos Estados Unidos"},"content":{"rendered":"<h2>O candidato republicano \u00e0 Casa Branca, Donald Trump, venceu as elei\u00e7\u00f5es presidenciais de ter\u00e7a-feira, tornando-se o 47.\u00ba Presidente dos Estados Unidos, apontam proje\u00e7\u00f5es da Fox News e CNN.<\/h2>\n<blockquote><p>&#8220;Trump eleito 47.\u00ba presidente&#8221;, escreveu o canal Fox News, pr\u00f3ximo dos conservadores, ap\u00f3s atribuir a vit\u00f3ria ao antigo presidente (2016-2020) na Pensilv\u00e2nia e Wisconsin, dois estados decisivos na corrida \u00e0 Casa Branca.<\/p><\/blockquote>\n<p>A Fox contabilizava 277 votos eleitorais, acima dos 270 &#8216;grandes eleitores&#8217; no Col\u00e9gio Eleitoral necess\u00e1rios para assegurar a vit\u00f3ria, e atribu\u00eda 226 votos \u00e0 candidata democrata e vice-presidente cessante, quando ainda n\u00e3o estavam fechadas as contagens.<\/p>\n<p>A CNN, Associated Press e outros meios de comunica\u00e7\u00e3o confirmaram a vit\u00f3ria depois de atribu\u00edrem a Trump a vit\u00f3ria no estado do Wisconsin e confirmarem a conquista de 277 votos.<\/p>\n<p>&#8220;O pa\u00eds precisa de se sarar, o nosso pa\u00eds precisa muito de ajuda&#8221;, declarou Donald Trump, num discurso em Palm Beach, no estado da Florida, em que reivindicou &#8220;uma vit\u00f3ria pol\u00edtica jamais vista no pa\u00eds&#8221;.<\/p>\n<p>Falando perante apoiantes, prometeu que o seu mandato ser\u00e1 &#8220;a idade de ouro&#8221; dos EUA.<\/p>\n<p>&#8220;Tamb\u00e9m temos o voto popular. Foi muito simp\u00e1tico vencer o voto popular, um grande sentimento de amor&#8221;, disse, aludindo ao resultado do voto dos cidad\u00e3os, superior a 68 milh\u00f5es, contra 63 milh\u00f5es para Kamala Harris.<\/p>\n<p>Donald Trump afirmou que a Am\u00e9rica garantiu &#8220;um mandato sem precedentes e poderoso&#8221;.<\/p>\n<p>&#8220;Recuper\u00e1mos o controlo do Senado (&#8230;) Temos um grande grupo de senadores&#8221;, sublinhou, ap\u00f3s os republicanos terem recuperado a lideran\u00e7a da c\u00e2mara alta do Congresso, declarou.<\/p>\n<p>&#8220;E tamb\u00e9m parece que vamos manter a lideran\u00e7a da C\u00e2mara de Representantes&#8221;, acrescentou, perante os aplausos dos apoiantes.<\/p>\n<p>&#8220;Vamos recordar este dia como aquele em que o povo americano recuperou o controlo do seu pa\u00eds&#8221;, referiu ainda.<\/p>\n","protected":false},"excerpt":{"rendered":"<p>O candidato republicano \u00e0 Casa Branca, Donald Trump, venceu as elei\u00e7\u00f5es presidenciais de ter\u00e7a-feira, tornando-se o 47.\u00ba Presidente dos Estados Unidos, apontam proje\u00e7\u00f5es da Fox News e CNN. &#8220;Trump eleito 47.\u00ba presidente&#8221;, escreveu o canal Fox News, pr\u00f3ximo dos conservadores, ap\u00f3s atribuir a vit\u00f3ria ao antigo presidente (2016-2020) na Pensilv\u00e2nia e Wisconsin, dois estados decisivos [&hellip;]<\/p>\n","protected":false},"author":1,"featured_media":1196,"comment_status":"closed","ping_status":"open","sticky":false,"template":"","format":"standard","meta":{"footnotes":""},"categories":[22],"tags":[396,395,397],"class_list":["post-1195","post","type-post","status-publish","format-standard","has-post-thumbnail","hentry","category-noticias","tag-casa-branca","tag-donald-trump-eleito-presidente-dos-estados-unidos","tag-trump-eleito-47-o-presidente"],"aioseo_notices":[],"_links":{"self":[{"href":"https:\/\/www.culturalusa.net\/news\/wp-json\/wp\/v2\/posts\/1195","targetHints":{"allow":["GET"]}}],"collection":[{"href":"https:\/\/www.culturalusa.net\/news\/wp-json\/wp\/v2\/posts"}],"about":[{"href":"https:\/\/www.culturalusa.net\/news\/wp-json\/wp\/v2\/types\/post"}],"author":[{"embeddable":true,"href":"https:\/\/www.culturalusa.net\/news\/wp-json\/wp\/v2\/users\/1"}],"replies":[{"embeddable":true,"href":"https:\/\/www.culturalusa.net\/news\/wp-json\/wp\/v2\/comments?post=1195"}],"version-history":[{"count":2,"href":"https:\/\/www.culturalusa.net\/news\/wp-json\/wp\/v2\/posts\/1195\/revisions"}],"predecessor-version":[{"id":1198,"href":"https:\/\/www.culturalusa.net\/news\/wp-json\/wp\/v2\/posts\/1195\/revisions\/1198"}],"wp:featuredmedia":[{"embeddable":true,"href":"https:\/\/www.culturalusa.net\/news\/wp-json\/wp\/v2\/media\/1196"}],"wp:attachment":[{"href":"https:\/\/www.culturalusa.net\/news\/wp-json\/wp\/v2\/media?parent=1195"}],"wp:term":[{"taxonomy":"category","embeddable":true,"href":"https:\/\/www.culturalusa.net\/news\/wp-json\/wp\/v2\/categories?post=1195"},{"taxonomy":"post_tag","embeddable":true,"href":"https:\/\/www.culturalusa.net\/news\/wp-json\/wp\/v2\/tags?post=1195"}],"curies":[{"name":"wp","href":"https:\/\/api.w.org\/{rel}","templated":true}]}}