{"id":1199,"date":"2024-11-06T13:56:30","date_gmt":"2024-11-06T13:56:30","guid":{"rendered":"https:\/\/www.culturalusa.net\/news\/?p=1199"},"modified":"2024-11-06T13:56:30","modified_gmt":"2024-11-06T13:56:30","slug":"uniao-europeia-felicita-trump-e-diz-se-preparada-para-cooperacao-construtiva","status":"publish","type":"post","link":"https:\/\/www.culturalusa.net\/news\/noticias\/uniao-europeia-felicita-trump-e-diz-se-preparada-para-cooperacao-construtiva\/","title":{"rendered":"Uni\u00e3o Europeia felicita Trump e diz-se preparada para &#8220;coopera\u00e7\u00e3o construtiva&#8221;"},"content":{"rendered":"<h2>A Uni\u00e3o Europeia (UE) felicitou hoje Donald Trump pela vit\u00f3ria nas presidenciais americanas, recordando os la\u00e7os entre os dois blocos e dizendo-se preparada para trabalhar em conjunto com Washington.<\/h2>\n<blockquote><p>Na sua conta na rede social X, o presidente do Conselho Europeu, Charles Michel, lembrou a &#8220;alian\u00e7a duradoura e um v\u00ednculo hist\u00f3rico&#8221; entre a UE e os Estados Unidos da Am\u00e9rica (EUA).<\/p><\/blockquote>\n<p>&#8220;Como aliados e amigos&#8221;, escreveu ainda, os europeus esperam &#8220;continuar a coopera\u00e7\u00e3o construtiva&#8221; com os EUA, ressalvando que a UE se manter\u00e1 como um parceiro &#8220;forte, unido e soberano ao mesmo tempo que defende o sistema multilateral baseado em regras.<\/p>\n<p>A presidente da Comiss\u00e3o Europeia, Ursula von der Leyen, destacou, tamb\u00e9m na rede social X, que a UE e os EUA ir\u00e3o &#8220;trabalhar em conjunto numa agenda transatl\u00e2ntica forte que continue a dar resultados&#8221; para os 800 milh\u00f5es de cidad\u00e3os de ambos os blocos.<\/p>\n<p>A l\u00edder do Parlamento Europeu, Roberta Metsola, assegurou, tamb\u00e9m na X, que a UE est\u00e1 pronta para colaborar com Washington e para &#8220;manter os la\u00e7os transatl\u00e2nticos fortes, enraizados nos nossos valores partilhados de liberdade, direitos humanos, democracia e mercados abertos&#8221;.<\/p>\n<p>Trump proclamou a sua vit\u00f3ria sobre a democrata Kamala Harris nas elei\u00e7\u00f5es presidenciais num discurso a partir da Fl\u00f3rida, na madrugada de hoje, enquanto aguarda pela confirma\u00e7\u00e3o e oficializa\u00e7\u00e3o, quando as proje\u00e7\u00f5es dos media norte-americanos o colocam a apenas tr\u00eas votos eleitorais de alcan\u00e7ar os 270 necess\u00e1rios para regressar \u00e0 Casa Branca. <strong>(Ag.Lusa<\/strong>)<\/p>\n","protected":false},"excerpt":{"rendered":"<p>A Uni\u00e3o Europeia (UE) felicitou hoje Donald Trump pela vit\u00f3ria nas presidenciais americanas, recordando os la\u00e7os entre os dois blocos e dizendo-se preparada para trabalhar em conjunto com Washington. Na sua conta na rede social X, o presidente do Conselho Europeu, Charles Michel, lembrou a &#8220;alian\u00e7a duradoura e um v\u00ednculo hist\u00f3rico&#8221; entre a UE e [&hellip;]<\/p>\n","protected":false},"author":1,"featured_media":1200,"comment_status":"closed","ping_status":"open","sticky":false,"template":"","format":"standard","meta":{"footnotes":""},"categories":[22],"tags":[399,400,398],"class_list":["post-1199","post","type-post","status-publish","format-standard","has-post-thumbnail","hentry","category-noticias","tag-cooperacao-construtiva","tag-eu","tag-uniao-europeia-felicita-trump"],"aioseo_notices":[],"_links":{"self":[{"href":"https:\/\/www.culturalusa.net\/news\/wp-json\/wp\/v2\/posts\/1199","targetHints":{"allow":["GET"]}}],"collection":[{"href":"https:\/\/www.culturalusa.net\/news\/wp-json\/wp\/v2\/posts"}],"about":[{"href":"https:\/\/www.culturalusa.net\/news\/wp-json\/wp\/v2\/types\/post"}],"author":[{"embeddable":true,"href":"https:\/\/www.culturalusa.net\/news\/wp-json\/wp\/v2\/users\/1"}],"replies":[{"embeddable":true,"href":"https:\/\/www.culturalusa.net\/news\/wp-json\/wp\/v2\/comments?post=1199"}],"version-history":[{"count":1,"href":"https:\/\/www.culturalusa.net\/news\/wp-json\/wp\/v2\/posts\/1199\/revisions"}],"predecessor-version":[{"id":1201,"href":"https:\/\/www.culturalusa.net\/news\/wp-json\/wp\/v2\/posts\/1199\/revisions\/1201"}],"wp:featuredmedia":[{"embeddable":true,"href":"https:\/\/www.culturalusa.net\/news\/wp-json\/wp\/v2\/media\/1200"}],"wp:attachment":[{"href":"https:\/\/www.culturalusa.net\/news\/wp-json\/wp\/v2\/media?parent=1199"}],"wp:term":[{"taxonomy":"category","embeddable":true,"href":"https:\/\/www.culturalusa.net\/news\/wp-json\/wp\/v2\/categories?post=1199"},{"taxonomy":"post_tag","embeddable":true,"href":"https:\/\/www.culturalusa.net\/news\/wp-json\/wp\/v2\/tags?post=1199"}],"curies":[{"name":"wp","href":"https:\/\/api.w.org\/{rel}","templated":true}]}}