{"id":1501,"date":"2025-06-22T15:25:59","date_gmt":"2025-06-22T15:25:59","guid":{"rendered":"https:\/\/www.culturalusa.net\/news\/?p=1501"},"modified":"2025-06-22T15:25:59","modified_gmt":"2025-06-22T15:25:59","slug":"cabaz-alimentar-encareceu-que-produtos-mais-aumentaram-de-preco","status":"publish","type":"post","link":"https:\/\/www.culturalusa.net\/news\/portugal\/cabaz-alimentar-encareceu-que-produtos-mais-aumentaram-de-preco\/","title":{"rendered":"Cabaz alimentar encareceu. Que produtos mais aumentaram de pre\u00e7o?"},"content":{"rendered":"<h2>O pre\u00e7o do cabaz alimentar est\u00e1 mais caro, custando 242,78 euros euros, mais dois euros, na semana entre 11 e 18 de junho, de acordo com uma monitoriza\u00e7\u00e3o de pre\u00e7os da DECO PROteste. A cebola lidera os produtos que mais aumentaram de pre\u00e7o em rela\u00e7\u00e3o \u00e0 \u00faltima semana, com uma subida de 21 c\u00eantimos (+17%).<\/h2>\n<p>A cebola, a massa espiral e os douradinhos de peixe est\u00e3o entre os alimentos que mais aumentaram de pre\u00e7o na semana passada, segundo uma an\u00e1lise. O cabaz alimentar custa agora 242,78 euros.<\/p>\n<blockquote><p>Segundo a an\u00e1lise de 18 de junho, o Top 10 de produtos que mais aumentaram na \u00faltima semana \u00e9 composto por cebola (+17%), massa espiral (+11%), douradinhos de peixe (+10%), atum posta em \u00f3leo vegetal (+9%), flocos de cereais (+8%), massa esparguete (+7%), tomate chucha (+6%), cereais integrais (+6%), arroz carolino (+6%) e robalo (+4%).<\/p><\/blockquote>\n<p>Desde o in\u00edcio do ano, entre 1 de janeiro e 18 de junho, os ovos (+28%), ma\u00e7\u00e3 gala (+19%), laranja (+18%), massa esparguete (+17%), polpa de tomate (+16%), cereais integrais (+15%), massas espirais (+15%), queijo flamengo fatiado embalado (+14%), flocos de cereais (+14%) e salsichas frankfurt (+4%).<\/p>\n<p>J\u00e1 em rela\u00e7\u00e3o ao per\u00edodo hom\u00f3logo, comparando 19 de junho de 2024 com 18 de junho de 2025, a lista \u00e9 composta por ovos (+39%), carne de novilho para cozer (+30%), caf\u00e9 torrado mo\u00eddo (+22%), peixe-espada-preto (+21%), dourada (+19%), cereais integrais (+19%), bacalhau gra\u00fado (+18%), peru perna (+17%), medalh\u00f5es de pescada (+17%) e p\u00e3o de forma sem c\u00f4dea (+16%).<\/p>\n<p>Sublinhe-se que o cabaz alimentar em an\u00e1lise \u00e9 composto por 63 bens essenciais, incluindo &#8220;carne, congelados, frutas e legumes, latic\u00ednios, mercearia e peixe&#8221;, mas pode consultar a lista completa aqui.<\/p>\n<p>Esta semana, a DECO PROteste publicou tamb\u00e9m um inqu\u00e9rito, onde quatro em cada dez inquiridos revelaram ser dif\u00edcil pagar as contas de supermercado. Segundo a organiza\u00e7\u00e3o de defesa do consumidor, &#8220;que acompanha, desde 2022, o pre\u00e7o de um cabaz composto por 63 alimentos essenciais, como carne, peixe, fruta, legumes e ovos, os pre\u00e7os n\u00e3o param de aumentar&#8221;.<\/p>\n<p>&#8220;Este cabaz, que custava 188 euros no in\u00edcio de 2022, vale, hoje, cerca de 240 euros. Por outras palavras, o pre\u00e7o dos alimentos aumentou mais de 25% em tr\u00eas anos&#8221;, pode ler-se num comunicado.<\/p>\n<p>Em causa est\u00e1 um inqu\u00e9rito europeu, realizado pela DECO PROTeste a par das suas cong\u00e9neres europeias, que revela tamb\u00e9m &#8220;haver uma crescente preocupa\u00e7\u00e3o entre os consumidores sobre a sustentabilidade no setor da alimenta\u00e7\u00e3o&#8221;.<\/p>\n<p>Ali\u00e1s, &#8220;sete em cada dez inquiridos portugueses defendem pol\u00edticas agr\u00edcolas que promovam pr\u00e1ticas que protejam o ambiente e a biodiversidade, com 66% a apelar a que os subs\u00eddios europeus passem a privilegiar agricultores que adotem pr\u00e1ticas que respeitem o ambiente e o bem-estar animal e que enfrentem dificuldades econ\u00f3micas&#8221;.<\/p>\n<p>Segundo o mesmo inqu\u00e9rito, os consumidores exigem &#8220;alimentos mais seguros e sustent\u00e1veis, a pre\u00e7os acess\u00edveis&#8221;.<\/p>\n<p>&#8220;Muitos consumidores est\u00e3o dispostos a pagar mais por alimentos produzidos em explora\u00e7\u00f5es que respeitam o ambiente, o bem-estar animal e os agricultores, desde que a atribui\u00e7\u00e3o dos apoios europeus garanta pre\u00e7os aceit\u00e1veis e pr\u00e1ticas sustent\u00e1veis cred\u00edveis&#8221;, pode ler-se num comunicado divulgado.<\/p>\n","protected":false},"excerpt":{"rendered":"<p>O pre\u00e7o do cabaz alimentar est\u00e1 mais caro, custando 242,78 euros euros, mais dois euros, na semana entre 11 e 18 de junho, de acordo com uma monitoriza\u00e7\u00e3o de pre\u00e7os da DECO PROteste. A cebola lidera os produtos que mais aumentaram de pre\u00e7o em rela\u00e7\u00e3o \u00e0 \u00faltima semana, com uma subida de 21 c\u00eantimos (+17%). [&hellip;]<\/p>\n","protected":false},"author":1,"featured_media":1502,"comment_status":"closed","ping_status":"open","sticky":false,"template":"","format":"standard","meta":{"footnotes":""},"categories":[97],"tags":[551,565],"class_list":["post-1501","post","type-post","status-publish","format-standard","has-post-thumbnail","hentry","category-portugal","tag-cabaz-alimentar-encareceu","tag-que-produtos-mais-aumentaram-de-preco"],"aioseo_notices":[],"_links":{"self":[{"href":"https:\/\/www.culturalusa.net\/news\/wp-json\/wp\/v2\/posts\/1501","targetHints":{"allow":["GET"]}}],"collection":[{"href":"https:\/\/www.culturalusa.net\/news\/wp-json\/wp\/v2\/posts"}],"about":[{"href":"https:\/\/www.culturalusa.net\/news\/wp-json\/wp\/v2\/types\/post"}],"author":[{"embeddable":true,"href":"https:\/\/www.culturalusa.net\/news\/wp-json\/wp\/v2\/users\/1"}],"replies":[{"embeddable":true,"href":"https:\/\/www.culturalusa.net\/news\/wp-json\/wp\/v2\/comments?post=1501"}],"version-history":[{"count":1,"href":"https:\/\/www.culturalusa.net\/news\/wp-json\/wp\/v2\/posts\/1501\/revisions"}],"predecessor-version":[{"id":1503,"href":"https:\/\/www.culturalusa.net\/news\/wp-json\/wp\/v2\/posts\/1501\/revisions\/1503"}],"wp:featuredmedia":[{"embeddable":true,"href":"https:\/\/www.culturalusa.net\/news\/wp-json\/wp\/v2\/media\/1502"}],"wp:attachment":[{"href":"https:\/\/www.culturalusa.net\/news\/wp-json\/wp\/v2\/media?parent=1501"}],"wp:term":[{"taxonomy":"category","embeddable":true,"href":"https:\/\/www.culturalusa.net\/news\/wp-json\/wp\/v2\/categories?post=1501"},{"taxonomy":"post_tag","embeddable":true,"href":"https:\/\/www.culturalusa.net\/news\/wp-json\/wp\/v2\/tags?post=1501"}],"curies":[{"name":"wp","href":"https:\/\/api.w.org\/{rel}","templated":true}]}}