{"id":1565,"date":"2025-07-30T12:29:01","date_gmt":"2025-07-30T12:29:01","guid":{"rendered":"https:\/\/www.culturalusa.net\/news\/?p=1565"},"modified":"2025-07-30T12:29:01","modified_gmt":"2025-07-30T12:29:01","slug":"fogos-em-castelo-branco-ha-quem-insista-teimosamente-em-desrespeitar-incendios-incendios","status":"publish","type":"post","link":"https:\/\/www.culturalusa.net\/news\/portugal\/fogos-em-castelo-branco-ha-quem-insista-teimosamente-em-desrespeitar-incendios-incendios\/","title":{"rendered":"Fogos, em Castelo Branco &#8220;h\u00e1 quem insista teimosamente em desrespeitar Inc\u00eandios inc\u00eandios&#8221;"},"content":{"rendered":"<h2>O Servi\u00e7o Municipal de Prote\u00e7\u00e3o Civil de Castelo Branco apelou hoje \u00e0 popula\u00e7\u00e3o para redobrar os cuidados no uso do fogo, numa altura em que o concelho tem sido repetidamente afetado por inc\u00eandios rurais causados por atos negligentes.<\/h2>\n<blockquote><p>&#8220;Castelo Branco continua a ser fustigado por inc\u00eandios causados por neglig\u00eancia humana. A Prote\u00e7\u00e3o Civil apela urgentemente \u00e0 popula\u00e7\u00e3o para n\u00e3o utilizar fogo de forma irrespons\u00e1vel&#8221;, refere o Servi\u00e7o Municipal de Prote\u00e7\u00e3o Civil (SMPCCB), numa nota enviada \u00e0 ag\u00eancia Lusa.<\/p><\/blockquote>\n<p>Nos \u00faltimos dias, registaram-se diversos inc\u00eandios no concelho de Castelo Branco, &#8220;quase todos com origem humana, e em grande parte motivados pela realiza\u00e7\u00e3o de queimas ilegais de sobrantes agr\u00edcolas&#8221;, algumas feitas em dias com risco de inc\u00eandio &#8220;muito elevado&#8221; ou &#8220;m\u00e1ximo&#8221;, contrariando claramente os avisos e interdi\u00e7\u00f5es em vigor, sublinha a mesma nota.<\/p>\n<p>Neste sentido, o SMPCCB manifesta a sua &#8220;elevada preocupa\u00e7\u00e3o&#8221; e alerta e apela \u00e0 popula\u00e7\u00e3o para redobrar os cuidados no uso do fogo.<\/p>\n<h3>&#8220;Apesar dos repetidos alertas, h\u00e1 ainda quem insista teimosamente em desrespeitar as regras b\u00e1sicas de seguran\u00e7a, colocando em perigo n\u00e3o s\u00f3 o patrim\u00f3nio natural do nosso territ\u00f3rio, como tamb\u00e9m vidas humanas e bens materiais&#8221;, sustenta.<\/h3>\n<p>Uma vez mais, relembra a comunidade que durante a fase cr\u00edtica de inc\u00eandios, &#8220;\u00e9 expressamente proibido fazer queimas sem autoriza\u00e7\u00e3o e fora das condi\u00e7\u00f5es legais&#8221;.<\/p>\n<p>&#8220;O uso de fogo em espa\u00e7os rurais, mesmo que com inten\u00e7\u00e3o agr\u00edcola, tem de obedecer a regras apertadas, especialmente em dias de risco de inc\u00eandio elevado. A neglig\u00eancia no uso do fogo pode dar origem a processos contraordenacionais e criminais, sendo pass\u00edvel de multas pesadas e responsabilidade penal&#8221;, conclui.<\/p>\n","protected":false},"excerpt":{"rendered":"<p>O Servi\u00e7o Municipal de Prote\u00e7\u00e3o Civil de Castelo Branco apelou hoje \u00e0 popula\u00e7\u00e3o para redobrar os cuidados no uso do fogo, numa altura em que o concelho tem sido repetidamente afetado por inc\u00eandios rurais causados por atos negligentes. &#8220;Castelo Branco continua a ser fustigado por inc\u00eandios causados por neglig\u00eancia humana. A Prote\u00e7\u00e3o Civil apela urgentemente [&hellip;]<\/p>\n","protected":false},"author":1,"featured_media":1566,"comment_status":"closed","ping_status":"open","sticky":false,"template":"","format":"standard","meta":{"footnotes":""},"categories":[97],"tags":[608,609],"class_list":["post-1565","post","type-post","status-publish","format-standard","has-post-thumbnail","hentry","category-portugal","tag-fogos-em-castelo-branco","tag-incendios"],"aioseo_notices":[],"_links":{"self":[{"href":"https:\/\/www.culturalusa.net\/news\/wp-json\/wp\/v2\/posts\/1565","targetHints":{"allow":["GET"]}}],"collection":[{"href":"https:\/\/www.culturalusa.net\/news\/wp-json\/wp\/v2\/posts"}],"about":[{"href":"https:\/\/www.culturalusa.net\/news\/wp-json\/wp\/v2\/types\/post"}],"author":[{"embeddable":true,"href":"https:\/\/www.culturalusa.net\/news\/wp-json\/wp\/v2\/users\/1"}],"replies":[{"embeddable":true,"href":"https:\/\/www.culturalusa.net\/news\/wp-json\/wp\/v2\/comments?post=1565"}],"version-history":[{"count":1,"href":"https:\/\/www.culturalusa.net\/news\/wp-json\/wp\/v2\/posts\/1565\/revisions"}],"predecessor-version":[{"id":1567,"href":"https:\/\/www.culturalusa.net\/news\/wp-json\/wp\/v2\/posts\/1565\/revisions\/1567"}],"wp:featuredmedia":[{"embeddable":true,"href":"https:\/\/www.culturalusa.net\/news\/wp-json\/wp\/v2\/media\/1566"}],"wp:attachment":[{"href":"https:\/\/www.culturalusa.net\/news\/wp-json\/wp\/v2\/media?parent=1565"}],"wp:term":[{"taxonomy":"category","embeddable":true,"href":"https:\/\/www.culturalusa.net\/news\/wp-json\/wp\/v2\/categories?post=1565"},{"taxonomy":"post_tag","embeddable":true,"href":"https:\/\/www.culturalusa.net\/news\/wp-json\/wp\/v2\/tags?post=1565"}],"curies":[{"name":"wp","href":"https:\/\/api.w.org\/{rel}","templated":true}]}}