{"id":1568,"date":"2025-07-30T12:54:34","date_gmt":"2025-07-30T12:54:34","guid":{"rendered":"https:\/\/www.culturalusa.net\/news\/?p=1568"},"modified":"2025-07-30T12:54:34","modified_gmt":"2025-07-30T12:54:34","slug":"incendios-ponte-de-lima-vento-a-favor-dificuldade-e-aceder-a-frente-de-fogo","status":"publish","type":"post","link":"https:\/\/www.culturalusa.net\/news\/portugal\/incendios-ponte-de-lima-vento-a-favor-dificuldade-e-aceder-a-frente-de-fogo\/","title":{"rendered":"Inc\u00eandios: Ponte de Lima &#8220;Vento a favor, dificuldade \u00e9 aceder \u00e0 frente de fogo&#8221;"},"content":{"rendered":"<h2>O inc\u00eandio que deflagrou na segunda-feira em Ponte de Lima tem hoje uma frente ativa de seis quil\u00f3metros que chegou \u00e0 freguesia Vitorino de Pi\u00e3es e que amea\u00e7a habita\u00e7\u00f5es localizadas na linha de fogo, disse o comandante de opera\u00e7\u00f5es.<\/h2>\n<blockquote><p>Em declara\u00e7\u00f5es \u00e0 ag\u00eancia Lusa, \u00e0s 9h30, Carlos Lima lamentou a falta de meios a\u00e9reos no combate \u00e0s chamas para travar esta frente de fogo.<\/p><\/blockquote>\n<p>&#8220;Esta frente est\u00e1 a preocupar-nos muito. O vento est\u00e1 a favor dos bombeiros. A \u00fanica dificuldade \u00e9 aceder \u00e0 frente de fogo. A informa\u00e7\u00e3o que tenho \u00e9 que n\u00e3o h\u00e1 meios a\u00e9reos para este teatro de opera\u00e7\u00f5es. Dizem-nos que h\u00e1 outras prioridades no pa\u00eds e que para este inc\u00eandio n\u00e3o h\u00e1 disponibilidade de meios a\u00e9reos&#8221;, referiu.<\/p>\n<h3>Segundo Carlos Lima, nas freguesias Rebord\u00f5es (Santa Maria), Correlh\u00e3, Facha e Seara h\u00e1 &#8220;pequenos reacendimentos que os bombeiros, exaustos, v\u00e3o conseguindo resolver&#8221;.<\/h3>\n","protected":false},"excerpt":{"rendered":"<p>O inc\u00eandio que deflagrou na segunda-feira em Ponte de Lima tem hoje uma frente ativa de seis quil\u00f3metros que chegou \u00e0 freguesia Vitorino de Pi\u00e3es e que amea\u00e7a habita\u00e7\u00f5es localizadas na linha de fogo, disse o comandante de opera\u00e7\u00f5es. Em declara\u00e7\u00f5es \u00e0 ag\u00eancia Lusa, \u00e0s 9h30, Carlos Lima lamentou a falta de meios a\u00e9reos no [&hellip;]<\/p>\n","protected":false},"author":1,"featured_media":1569,"comment_status":"closed","ping_status":"open","sticky":false,"template":"","format":"standard","meta":{"footnotes":""},"categories":[97],"tags":[611,609,610],"class_list":["post-1568","post","type-post","status-publish","format-standard","has-post-thumbnail","hentry","category-portugal","tag-dificuldade-e-aceder-a-frente-de-fogo","tag-incendios","tag-ponte-de-lima"],"aioseo_notices":[],"_links":{"self":[{"href":"https:\/\/www.culturalusa.net\/news\/wp-json\/wp\/v2\/posts\/1568","targetHints":{"allow":["GET"]}}],"collection":[{"href":"https:\/\/www.culturalusa.net\/news\/wp-json\/wp\/v2\/posts"}],"about":[{"href":"https:\/\/www.culturalusa.net\/news\/wp-json\/wp\/v2\/types\/post"}],"author":[{"embeddable":true,"href":"https:\/\/www.culturalusa.net\/news\/wp-json\/wp\/v2\/users\/1"}],"replies":[{"embeddable":true,"href":"https:\/\/www.culturalusa.net\/news\/wp-json\/wp\/v2\/comments?post=1568"}],"version-history":[{"count":1,"href":"https:\/\/www.culturalusa.net\/news\/wp-json\/wp\/v2\/posts\/1568\/revisions"}],"predecessor-version":[{"id":1570,"href":"https:\/\/www.culturalusa.net\/news\/wp-json\/wp\/v2\/posts\/1568\/revisions\/1570"}],"wp:featuredmedia":[{"embeddable":true,"href":"https:\/\/www.culturalusa.net\/news\/wp-json\/wp\/v2\/media\/1569"}],"wp:attachment":[{"href":"https:\/\/www.culturalusa.net\/news\/wp-json\/wp\/v2\/media?parent=1568"}],"wp:term":[{"taxonomy":"category","embeddable":true,"href":"https:\/\/www.culturalusa.net\/news\/wp-json\/wp\/v2\/categories?post=1568"},{"taxonomy":"post_tag","embeddable":true,"href":"https:\/\/www.culturalusa.net\/news\/wp-json\/wp\/v2\/tags?post=1568"}],"curies":[{"name":"wp","href":"https:\/\/api.w.org\/{rel}","templated":true}]}}