{"id":1571,"date":"2025-07-30T13:05:09","date_gmt":"2025-07-30T13:05:09","guid":{"rendered":"https:\/\/www.culturalusa.net\/news\/?p=1571"},"modified":"2025-07-30T13:05:09","modified_gmt":"2025-07-30T13:05:09","slug":"tres-estradas-nacionais-cortadas-em-tres-distritos-devido-a-incendios","status":"publish","type":"post","link":"https:\/\/www.culturalusa.net\/news\/portugal\/tres-estradas-nacionais-cortadas-em-tres-distritos-devido-a-incendios\/","title":{"rendered":"Tr\u00eas estradas nacionais cortadas em tr\u00eas distritos devido a inc\u00eandios"},"content":{"rendered":"<h2>Tr\u00eas estradas nacionais dos distritos de Aveiro, Portalegre e Castelo Branco est\u00e3o hoje de manh\u00e3 condicionadas devido a inc\u00eandios rurais, anunciou a GNR.<\/h2>\n<blockquote><p>Segundo um ponto de situa\u00e7\u00e3o \u00e0s 8h20, em causa est\u00e3o, no distrito de Aveiro, a Estrada Nacional (EN) 224, com corte nos dois sentidos entre Arouca e Real, e a EN 225, com corte entre Alvarenga\/Nespereira e Vila Vi\u00e7osa &#8211; Travanca, tamb\u00e9m nos dois sentidos.<\/p><\/blockquote>\n<p>No comunicado enviado \u00e0s reda\u00e7\u00f5es, a GNR acrescenta, em Portalegre, a EN 18, com corte entre Vila Velha de R\u00f3d\u00e3o (distrito de Castelo Branco) e Nisa (distrito de Portalegre), igualmente nos dois sentidos.<\/p>\n<p>A GNR aproveita para apelar &#8220;ao contributo de todos na preven\u00e7\u00e3o e combate aos inc\u00eandios&#8221;, pedindo que se abstenham de praticar atividades consideradas de risco, como a realiza\u00e7\u00e3o de fogo junto a \u00e1reas florestais, e sigam as indica\u00e7\u00f5es das autoridades que se encontram no terreno.<\/p>\n<p>Pede ainda que se evite a coloca\u00e7\u00e3o de ve\u00edculos nas vias utilizadas pelas viaturas de socorro, para n\u00e3o prejudicar o acesso aos locais de combate, bem como desloca\u00e7\u00f5es para as zonas dos inc\u00eandios, se n\u00e3o estiver envolvido no combate.<\/p>\n<p>Grande parte do interior norte e do centro do pa\u00eds est\u00e3o hoje em perigo m\u00e1ximo de inc\u00eandio rural, segundo dados do Instituto Portugu\u00eas do Mar e da Atmosfera (IPMA).<\/p>\n<h3>Esta previs\u00e3o abrange sobretudo os concelhos dos distritos de Bragan\u00e7a, Vila Real, Viseu, Guarda, Castelo Branco, Coimbra e Santar\u00e9m.<\/h3>\n<p>De acordo com o IPMA, a situa\u00e7\u00e3o de perigo m\u00e1ximo de inc\u00eandio rural ir\u00e1 manter-se nos pr\u00f3ximos dias nas mesmas regi\u00f5es, agravando-se em alguns concelhos do Algarve.<\/p>\n<p>&#8220;As queimas e queimadas s\u00e3o das principais causas de inc\u00eandios em Portugal. A realiza\u00e7\u00e3o de queimadas, de queima de amontoados e de fogueiras \u00e9 interditada sempre que se verifique um n\u00edvel de perigo de inc\u00eandio rural &#8216;muito elevado&#8217; ou &#8216;m\u00e1ximo&#8217;, estando dependente de autoriza\u00e7\u00e3o ou de comunica\u00e7\u00e3o pr\u00e9via noutros per\u00edodos&#8221;, recorda a GNR.<\/p>\n","protected":false},"excerpt":{"rendered":"<p>Tr\u00eas estradas nacionais dos distritos de Aveiro, Portalegre e Castelo Branco est\u00e3o hoje de manh\u00e3 condicionadas devido a inc\u00eandios rurais, anunciou a GNR. Segundo um ponto de situa\u00e7\u00e3o \u00e0s 8h20, em causa est\u00e3o, no distrito de Aveiro, a Estrada Nacional (EN) 224, com corte nos dois sentidos entre Arouca e Real, e a EN 225, [&hellip;]<\/p>\n","protected":false},"author":1,"featured_media":1572,"comment_status":"closed","ping_status":"open","sticky":false,"template":"","format":"standard","meta":{"footnotes":""},"categories":[97],"tags":[613,612],"class_list":["post-1571","post","type-post","status-publish","format-standard","has-post-thumbnail","hentry","category-portugal","tag-incendios-incendios","tag-tres-estradas-nacionais-cortadas"],"aioseo_notices":[],"_links":{"self":[{"href":"https:\/\/www.culturalusa.net\/news\/wp-json\/wp\/v2\/posts\/1571","targetHints":{"allow":["GET"]}}],"collection":[{"href":"https:\/\/www.culturalusa.net\/news\/wp-json\/wp\/v2\/posts"}],"about":[{"href":"https:\/\/www.culturalusa.net\/news\/wp-json\/wp\/v2\/types\/post"}],"author":[{"embeddable":true,"href":"https:\/\/www.culturalusa.net\/news\/wp-json\/wp\/v2\/users\/1"}],"replies":[{"embeddable":true,"href":"https:\/\/www.culturalusa.net\/news\/wp-json\/wp\/v2\/comments?post=1571"}],"version-history":[{"count":1,"href":"https:\/\/www.culturalusa.net\/news\/wp-json\/wp\/v2\/posts\/1571\/revisions"}],"predecessor-version":[{"id":1573,"href":"https:\/\/www.culturalusa.net\/news\/wp-json\/wp\/v2\/posts\/1571\/revisions\/1573"}],"wp:featuredmedia":[{"embeddable":true,"href":"https:\/\/www.culturalusa.net\/news\/wp-json\/wp\/v2\/media\/1572"}],"wp:attachment":[{"href":"https:\/\/www.culturalusa.net\/news\/wp-json\/wp\/v2\/media?parent=1571"}],"wp:term":[{"taxonomy":"category","embeddable":true,"href":"https:\/\/www.culturalusa.net\/news\/wp-json\/wp\/v2\/categories?post=1571"},{"taxonomy":"post_tag","embeddable":true,"href":"https:\/\/www.culturalusa.net\/news\/wp-json\/wp\/v2\/tags?post=1571"}],"curies":[{"name":"wp","href":"https:\/\/api.w.org\/{rel}","templated":true}]}}