{"id":1605,"date":"2025-08-29T09:08:53","date_gmt":"2025-08-29T09:08:53","guid":{"rendered":"https:\/\/www.culturalusa.net\/news\/?p=1605"},"modified":"2025-08-29T09:08:53","modified_gmt":"2025-08-29T09:08:53","slug":"trump-e-um-ativo-sovietico-afirmacoes-de-marcelo-rebelo-de-sousa-noticiadas-la-fora","status":"publish","type":"post","link":"https:\/\/www.culturalusa.net\/news\/noticias\/trump-e-um-ativo-sovietico-afirmacoes-de-marcelo-rebelo-de-sousa-noticiadas-la-fora\/","title":{"rendered":"Trump \u00e9 um ativo sovi\u00e9tico? Afirma\u00e7\u00f5es de Marcelo Rebelo de Sousa noticiadas l\u00e1 fora."},"content":{"rendered":"<h2>As declara\u00e7\u00f5es do Presidente da Rep\u00fablica, Marcelo Rebelo de Sousa, que considerou que o seu hom\u00f3logo norte-americano, Donald Trump, atua enquanto um &#8220;ativo sovi\u00e9tico&#8221;, por favorecer a R\u00fassia, chegaram l\u00e1 fora.<\/h2>\n<blockquote><p>O Presidente da Rep\u00fablica, Marcelo Rebelo de Sousa, considerou que o seu hom\u00f3logo norte-americano, Donald Trump, atua enquanto um &#8220;ativo sovi\u00e9tico&#8221;, ao favorecer a Federa\u00e7\u00e3o Russa na guerra contra a Ucr\u00e2nia. As declara\u00e7\u00f5es chegaram l\u00e1 fora e foram, inclusive, analisadas na CNN Internacional.<\/p><\/blockquote>\n<p>\u201cJ\u00e1 ouvi uma s\u00e9rie de outros l\u00edderes europeus dizerem coisas desse g\u00e9nero em privado. Olhe, \u00e9 um exagero. N\u00e3o creio que haja qualquer prova nesse sentido. Mas o que \u00e9 interessante \u00e9 que, historicamente, o Partido Republicano, em particular indiv\u00edduos como Ronald Reagan, tem sido muito forte a lidar com este tipo de comportamento agressivo, incluindo vindo de Moscovo. E, nesta altura, \u00e9 simplesmente inexplic\u00e1vel\u201d, apontou o especialista em seguran\u00e7a e defesa internacional Seth Jones, na emiss\u00e3o da CNN Internacional.<\/p>\n<p>Seth Jones argumentou ainda que \u201cos russos n\u00e3o demonstraram qualquer vontade s\u00e9ria de chegar a um acordo\u201d, estando a \u201carrastar o presidente [Trump] com eles\u201d.<\/p>\n<p>\u201cO presidente tem dito isto repetidamente, que parece que Putin est\u00e1 a arrastar-se e, no entanto, continuamos sem ver a\u00e7\u00e3o. Isso \u00e9 inexplic\u00e1vel em muitos aspetos\u201d, complementou.<\/p>\n<p>As declara\u00e7\u00f5es de Marcelo foram, de igual modo, not\u00edcia em v\u00e1rios meios ucranianos, entre eles a ag\u00eancia Ukrinform, o Ukrainska Pravda, o UNN e o RBC-Ukraine.<\/p>\n<p>\u201cPol\u00edtica dos EUA coloca Europa em desvantagem em rela\u00e7\u00e3o \u00e0 R\u00fassia, afirma presidente portugu\u00eas\u201d, foi o t\u00edtulo escolhido pela ag\u00eancia chinesa Xinhua, enquanto os meios indianos News Arena India e NDTV ecoaram a acusa\u00e7\u00e3o de que Trump \u201c\u00e9 um ativo russo\u201d.<\/p>\n<blockquote><p>No Brasil, o Gazeta do Povo escreveu que o \u201cPresidente de Portugal diz que Trump \u00e9 um \u2018ativo sovi\u00e9tico\u2019 e favorece a R\u00fassia\u201d, ao passo que o Daily Beast, dos Estados Unidos, optou pelo t\u00edtulo \u201cL\u00edder europeu chama Trump de \u2018ativo russo\u2019\u201d. As declara\u00e7\u00f5es do chefe de Estado portugu\u00eas tamb\u00e9m chegaram ao jornal AL, do Alabama, que noticiou: \u201cTrump \u00e9 um \u2018ativo\u2019 estrangeiro deste pa\u00eds, alega l\u00edder mundial em declara\u00e7\u00e3o bomb\u00e1stica.\u201d<\/p><\/blockquote>\n<p>Saliente-se que as afirma\u00e7\u00f5es de Marcelo Rebelo de Sousa foram proferidas na Universidade de Ver\u00e3o do PSD, uma iniciativa de forma\u00e7\u00e3o de jovens quadros que decorre at\u00e9 domingo em Castelo de Vide (Portalegre), na quarta-feira.<\/p>\n<p>O respons\u00e1vel, que apareceu de surpresa no local, fez uma interven\u00e7\u00e3o inicial em que abordou a situa\u00e7\u00e3o internacional, apontando Donald Trump como o exemplo de um novo estilo de lideran\u00e7as pol\u00edticas, mais emocionais e que apostam no contacto direto com os cidad\u00e3os, sem media\u00e7\u00e3o, num mundo em que a balan\u00e7a de poderes tamb\u00e9m se alterou, num painel intitulado \u2018As respostas do Presidente\u2019.<\/p>\n<p>&#8220;Com uma coisa peculiar e complexa: \u00e9 que o l\u00edder m\u00e1ximo da maior superpot\u00eancia do mundo, objetivamente, \u00e9 um ativo sovi\u00e9tico, ou russo. Funciona como ativo&#8221;, afirmou.<\/p>\n<p>O Presidente da Rep\u00fablica sublinhou que n\u00e3o se trata de &#8220;uma alian\u00e7a baseada na amizade, na cumplicidade econ\u00f3mica, ideol\u00f3gica ou doutrin\u00e1ria&#8221;.<\/p>\n<h3>&#8220;Estou a dizer que, em termos objetivos, a nova lideran\u00e7a norte-americana tem favorecido estrategicamente a Federa\u00e7\u00e3o Russa&#8221;, afirmou, referindo-se \u00e0 atua\u00e7\u00e3o do presidente dos Estados Unidos na guerra da Ucr\u00e2nia.<\/h3>\n<p>&#8220;Ou seja, passaram de aliados de um lado para \u00e1rbitros do desafio&#8221;, afirmou, acrescentando tratar-se de um \u00e1rbitro que apenas quer negociar com uma das equipas, excluindo quer a Ucr\u00e2nia, quer a Europa, que tiveram de se &#8220;impingir&#8221; nas recentes conversa\u00e7\u00f5es.<\/p>\n","protected":false},"excerpt":{"rendered":"<p>As declara\u00e7\u00f5es do Presidente da Rep\u00fablica, Marcelo Rebelo de Sousa, que considerou que o seu hom\u00f3logo norte-americano, Donald Trump, atua enquanto um &#8220;ativo sovi\u00e9tico&#8221;, por favorecer a R\u00fassia, chegaram l\u00e1 fora. O Presidente da Rep\u00fablica, Marcelo Rebelo de Sousa, considerou que o seu hom\u00f3logo norte-americano, Donald Trump, atua enquanto um &#8220;ativo sovi\u00e9tico&#8221;, ao favorecer a [&hellip;]<\/p>\n","protected":false},"author":1,"featured_media":1606,"comment_status":"closed","ping_status":"open","sticky":false,"template":"","format":"standard","meta":{"footnotes":""},"categories":[22],"tags":[640,639,638],"class_list":["post-1605","post","type-post","status-publish","format-standard","has-post-thumbnail","hentry","category-noticias","tag-estados-unidos-na-guerra-da-ucrania","tag-marcelo-rebelo","tag-trump-e-um-ativo-sovietico"],"aioseo_notices":[],"_links":{"self":[{"href":"https:\/\/www.culturalusa.net\/news\/wp-json\/wp\/v2\/posts\/1605","targetHints":{"allow":["GET"]}}],"collection":[{"href":"https:\/\/www.culturalusa.net\/news\/wp-json\/wp\/v2\/posts"}],"about":[{"href":"https:\/\/www.culturalusa.net\/news\/wp-json\/wp\/v2\/types\/post"}],"author":[{"embeddable":true,"href":"https:\/\/www.culturalusa.net\/news\/wp-json\/wp\/v2\/users\/1"}],"replies":[{"embeddable":true,"href":"https:\/\/www.culturalusa.net\/news\/wp-json\/wp\/v2\/comments?post=1605"}],"version-history":[{"count":1,"href":"https:\/\/www.culturalusa.net\/news\/wp-json\/wp\/v2\/posts\/1605\/revisions"}],"predecessor-version":[{"id":1607,"href":"https:\/\/www.culturalusa.net\/news\/wp-json\/wp\/v2\/posts\/1605\/revisions\/1607"}],"wp:featuredmedia":[{"embeddable":true,"href":"https:\/\/www.culturalusa.net\/news\/wp-json\/wp\/v2\/media\/1606"}],"wp:attachment":[{"href":"https:\/\/www.culturalusa.net\/news\/wp-json\/wp\/v2\/media?parent=1605"}],"wp:term":[{"taxonomy":"category","embeddable":true,"href":"https:\/\/www.culturalusa.net\/news\/wp-json\/wp\/v2\/categories?post=1605"},{"taxonomy":"post_tag","embeddable":true,"href":"https:\/\/www.culturalusa.net\/news\/wp-json\/wp\/v2\/tags?post=1605"}],"curies":[{"name":"wp","href":"https:\/\/api.w.org\/{rel}","templated":true}]}}