{"id":1612,"date":"2025-08-30T15:39:57","date_gmt":"2025-08-30T15:39:57","guid":{"rendered":"https:\/\/www.culturalusa.net\/news\/?p=1612"},"modified":"2025-08-31T10:34:59","modified_gmt":"2025-08-31T10:34:59","slug":"melo-culpa-governo-de-antonio-costa-por-falta-de-canadair-estariam-ca-em-2017","status":"publish","type":"post","link":"https:\/\/www.culturalusa.net\/news\/noticias\/melo-culpa-governo-de-antonio-costa-por-falta-de-canadair-estariam-ca-em-2017\/","title":{"rendered":"Melo culpa Governo de Antonio Costa por falta de Canadair: &#8220;Estariam c\u00e1 em 2017&#8221;"},"content":{"rendered":"<h2>O Ministro da Defesa, Nuno Melo, refor\u00e7ou que os dois Canadair que chegam a Portugal daqui a quatro anos j\u00e1 podiam estar em Portugal desde 2017, altura em que Portugal foi afetado por inc\u00eandios de forma fatal.<\/h2>\n<blockquote><p>O Ministro da Defesa, Nuno Melo, voltou a comentar, esta sexta-feira, a aquisi\u00e7\u00e3o dos Canadair para o combate aos inc\u00eandios, que, de acordo com a calendariza\u00e7\u00e3o referida, chegar\u00e3o a territ\u00f3rio nacional daqui a quatro anos.<\/p><\/blockquote>\n<p>Em declara\u00e7\u00f5es aos jornalistas em Almada, no distrito de Set\u00fabal, Nuno Melo come\u00e7ou por refor\u00e7ar que tinha sido &#8220;outro governo da AD&#8221; a decidir pela aquisi\u00e7\u00e3o dos bombardeiros Canadair, quando o primeiro-ministro era Pedro Passos Coelho e o presidente do CDS Paulo Portas.<\/p>\n<p>&#8220;<span style=\"color: #800000;\"><strong>Ao tempo, foi lan\u00e7ado o aviso de dois Canadair, que estariam em Portugal em 2017, com a For\u00e7a A\u00e9rea empenhada no combate aos inc\u00eandios em 2018. Foi decis\u00e3o do Governo que se lhe seguiu [liderado por Ant\u00f3nio Costa] prescindir da aquisi\u00e7\u00e3o desses Canadair<\/strong><\/span>&#8220;, referiu, aludindo depois \u00e0 trag\u00e9dia dos inc\u00eandios que marcou Portugal e &#8220;mudou o paradigma&#8221;: &#8220;At\u00e9 que aconteceu aquilo que aconteceu em 2017 e foi j\u00e1 com este governo [da AD] que houve uma reprograma\u00e7\u00e3o de financiamento para que pudesse se adquirir e finalmente colocados nas For\u00e7as Armadas ao servi\u00e7o do combate&#8221;.<\/p>\n<h3><span style=\"color: #800000;\">O que nesse momento seria poss\u00edvel ser entregue em 2017, agora, s\u00f3 ser\u00e1 entregue em 2029 e 2030<\/span><\/h3>\n<p>Face ao tema, que tem estado em cima da mesa, e \u00e0s declara\u00e7\u00f5es do secret\u00e1rio-geral do Partido Socialista (PS), Jos\u00e9 Lu\u00eds Carneiro, que disse que Nuno Melo &#8220;fez afirma\u00e7\u00f5es infundadas&#8221; e &#8220;faltou \u00e0 verdade&#8221;, o ministro atirou: &#8220;A diferen\u00e7a \u00e9 que se o projeto n\u00e3o tivesse sido precludido em 2015 por esse Governo, desde 2018 que ter\u00edamos essas aeronaves no combate&#8221;.<\/p>\n<p>E o respons\u00e1vel pela pasta refor\u00e7ou que a decis\u00e3o significou &#8220;um adiamento de 11 anos, num caso, e de 12 noutro&#8221;.<\/p>\n<p>&#8220;O que nesse momento seria poss\u00edvel ser entregue em 2017, agora, s\u00f3 ser\u00e1 entregue em 2029 e 2030 [&#8230;]&#8221;, atirou, dando conta de que h\u00e1 outros pa\u00edses envolvidos e tamb\u00e9m quest\u00f5es relacionadas com a natureza empresarial.<\/p>\n<h3><span style=\"color: #800000;\">Melo sublinhou que s\u00f3 a\u00ed, em 2017, houve uma &#8220;altera\u00e7\u00e3o de paradigma&#8221;, onde o governo socialista &#8216;mudou&#8217; de posicionamento: &#8220;Mas isso \u00e9 depois. No que tem a ver com os Canadair, a vontade e iniciativa para essa aquisi\u00e7\u00e3o foi de 2014 e 2015, com outro governo. Estes s\u00e3o os atos, o resto \u00e9 conversa.&#8221;<\/span><\/h3>\n<p>O Ministro da Defesa sublinhou ainda que \u00e9 &#8220;claro&#8221; o prop\u00f3sito do Executivo em dotar as For\u00e7as Armadas dos meios necess\u00e1rios \u00e0 ajuda nos momentos de crise, tal como noutras alturas em que atual, como sublinhou e exemplificou, dando conta dos transplantes de \u00f3rg\u00e3os ou resgates, em que esta for\u00e7a atua tamb\u00e9m.<\/p>\n<p>Para al\u00e9m dos dois Canadair, cuja primeira entrega ser\u00e1 em 2029 e a segunda no ano seguinte, Nuno Melo falou tamb\u00e9m da aquisi\u00e7\u00e3o dois &#8216;kits&#8217; de combate a inc\u00eandios para equipar duas aeronaves C-130, anunciada no in\u00edcio de agosto.<\/p>\n<p>&#8220;[As aeronaves C-130] Saem totalmente modernizadas da OGMA e voar\u00e3o at\u00e9 2040&#8221;, apontou.<\/p>\n","protected":false},"excerpt":{"rendered":"<p>O Ministro da Defesa, Nuno Melo, refor\u00e7ou que os dois Canadair que chegam a Portugal daqui a quatro anos j\u00e1 podiam estar em Portugal desde 2017, altura em que Portugal foi afetado por inc\u00eandios de forma fatal. O Ministro da Defesa, Nuno Melo, voltou a comentar, esta sexta-feira, a aquisi\u00e7\u00e3o dos Canadair para o combate [&hellip;]<\/p>\n","protected":false},"author":1,"featured_media":1616,"comment_status":"closed","ping_status":"open","sticky":false,"template":"","format":"standard","meta":{"footnotes":""},"categories":[22],"tags":[647,646,645,296],"class_list":["post-1612","post","type-post","status-publish","format-standard","has-post-thumbnail","hentry","category-noticias","tag-antonio-costa","tag-canadair","tag-melo-culpa-governo-de-costa-por-falta-de-canadair","tag-nuno-melo"],"aioseo_notices":[],"_links":{"self":[{"href":"https:\/\/www.culturalusa.net\/news\/wp-json\/wp\/v2\/posts\/1612","targetHints":{"allow":["GET"]}}],"collection":[{"href":"https:\/\/www.culturalusa.net\/news\/wp-json\/wp\/v2\/posts"}],"about":[{"href":"https:\/\/www.culturalusa.net\/news\/wp-json\/wp\/v2\/types\/post"}],"author":[{"embeddable":true,"href":"https:\/\/www.culturalusa.net\/news\/wp-json\/wp\/v2\/users\/1"}],"replies":[{"embeddable":true,"href":"https:\/\/www.culturalusa.net\/news\/wp-json\/wp\/v2\/comments?post=1612"}],"version-history":[{"count":4,"href":"https:\/\/www.culturalusa.net\/news\/wp-json\/wp\/v2\/posts\/1612\/revisions"}],"predecessor-version":[{"id":1618,"href":"https:\/\/www.culturalusa.net\/news\/wp-json\/wp\/v2\/posts\/1612\/revisions\/1618"}],"wp:featuredmedia":[{"embeddable":true,"href":"https:\/\/www.culturalusa.net\/news\/wp-json\/wp\/v2\/media\/1616"}],"wp:attachment":[{"href":"https:\/\/www.culturalusa.net\/news\/wp-json\/wp\/v2\/media?parent=1612"}],"wp:term":[{"taxonomy":"category","embeddable":true,"href":"https:\/\/www.culturalusa.net\/news\/wp-json\/wp\/v2\/categories?post=1612"},{"taxonomy":"post_tag","embeddable":true,"href":"https:\/\/www.culturalusa.net\/news\/wp-json\/wp\/v2\/tags?post=1612"}],"curies":[{"name":"wp","href":"https:\/\/api.w.org\/{rel}","templated":true}]}}