{"id":1619,"date":"2025-09-04T10:46:03","date_gmt":"2025-09-04T10:46:03","guid":{"rendered":"https:\/\/www.culturalusa.net\/news\/?p=1619"},"modified":"2025-09-10T14:03:39","modified_gmt":"2025-09-10T14:03:39","slug":"em-lisboa-17-mortos-no-elevador-da-gloria-pais-acordou-de-luto","status":"publish","type":"post","link":"https:\/\/www.culturalusa.net\/news\/portugal\/em-lisboa-17-mortos-no-elevador-da-gloria-pais-acordou-de-luto\/","title":{"rendered":"Em Lisboa 16 mortos no Elevador da Gl\u00f3ria. Pa\u00eds, acordou de Luto."},"content":{"rendered":"<h2>Lisboa, e todo o pa\u00eds, acordou de luto. O descarrilamento do ic\u00f3nico Elevador da Gl\u00f3ria provocou, na tarde de quarta-feira, uma das maiores trag\u00e9dias que a cidade j\u00e1 assistiu.<\/h2>\n<blockquote><p>Ao todo, 17 pessoas morreram e 21 est\u00e3o feridas &#8211; algumas das quais estado grave. Entre as v\u00edtimas est\u00e3o quatro portugueses, as restantes t\u00eam nacionalidades estrangeiras.<br \/>\nForam abertas v\u00e1rias investiga\u00e7\u00f5es para apurar o que se passou ao certo. Enquanto isso, todos ascensores de Lisboa foram parados.<\/p><\/blockquote>\n<h3><span style=\"color: #800000;\">O Governo decretou um dia de luto nacional para hoje. J\u00e1 a C\u00e2mara de Lisboa decretou tr\u00eas dias de luto municipal.<\/span><\/h3>\n<p>O <span style=\"color: #800000;\"><strong>Elevador da Gl\u00f3ria<\/strong><\/span> \u00e9 gerido pela Carris e liga os Restauradores ao Jardim de S\u00e3o Pedro de Alc\u00e2ntara, no Bairro Alto, num percurso de cerca de 265 metros.<\/p>\n<p><strong>Parlamento Europeu i\u00e7a bandeiras a meia haste ap\u00f3s acidente em Lisboa<\/strong><\/p>\n<p>O Parlamento Europeu (PE) tem hoje as bandeiras a meia haste em Bruxelas, Estrasburgo (Fran\u00e7a) e Lisboa, acompanhando o luto portugu\u00eas ap\u00f3s o acidente com o Elevador da Gl\u00f3ria, quarta-feira, que fez 16 mortos.<\/p>\n<h3><span style=\"color: #000000;\">&#8220;O acidente tr\u00e1gico no Elevador da Gl\u00f3ria abalou profundamente a Europa. O Parlamento Europeu acompanha Portugal no seu luto nacional, com as suas bandeiras a meia haste&#8221;, divulgou a presidente da institui\u00e7\u00e3o, atrav\u00e9s das redes sociais.<\/span><\/h3>\n<p>Um especialista explicou que o Elevador da Gl\u00f3ria, em Lisboa, que descarrilou na quarta-feira e provocou pelo menos 17 mortos, utiliza &#8220;um sistema que mant\u00e9m o princ\u00edpio de funcionamento com que foi desenhado h\u00e1 140 anos&#8221;.<\/p>\n<p>Segundo explicou Carlos Oliveira Cruz, professor de Engenheira Civil, Arquitetura e Georrecursos do Instituto Superior T\u00e9cnico, em declara\u00e7\u00f5es \u00e0 SIC Not\u00edcias, a Cal\u00e7ada da Gl\u00f3ria, onde se localiza o elevador acidentado, trata-se de uma &#8220;rua com uma inclina\u00e7\u00e3o de cerca de 18%&#8221; com &#8220;pouco menos de 300 metros entre a cota baixa e a cota alta&#8221;.<\/p>\n<p>O elevador utiliza &#8220;um sistema que mant\u00e9m o princ\u00edpio de funcionamento com que foi desenhado h\u00e1 140 anos&#8221;, funcionado &#8220;em pares&#8221;.<\/p>\n<p>&#8220;Temos dois ve\u00edculos que est\u00e3o ligados por um cabo e o peso do ve\u00edculo que desce \u00e9 que impulsiona o ve\u00edculo que est\u00e1 em baixo a subir&#8221;, explicou, acrescentando que &#8220;funciona como contrapeso&#8221;.<\/p>\n<p>&nbsp;<\/p>\n","protected":false},"excerpt":{"rendered":"<p>Lisboa, e todo o pa\u00eds, acordou de luto. O descarrilamento do ic\u00f3nico Elevador da Gl\u00f3ria provocou, na tarde de quarta-feira, uma das maiores trag\u00e9dias que a cidade j\u00e1 assistiu. Ao todo, 17 pessoas morreram e 21 est\u00e3o feridas &#8211; algumas das quais estado grave. Entre as v\u00edtimas est\u00e3o quatro portugueses, as restantes t\u00eam nacionalidades estrangeiras. [&hellip;]<\/p>\n","protected":false},"author":1,"featured_media":1620,"comment_status":"closed","ping_status":"open","sticky":false,"template":"","format":"standard","meta":{"footnotes":""},"categories":[97],"tags":[648,649,650],"class_list":["post-1619","post","type-post","status-publish","format-standard","has-post-thumbnail","hentry","category-portugal","tag-elevador-da-gloria","tag-lisboa-17-mortos-no-elevador-da-gloria","tag-pais-acordou-de-luto"],"aioseo_notices":[],"_links":{"self":[{"href":"https:\/\/www.culturalusa.net\/news\/wp-json\/wp\/v2\/posts\/1619","targetHints":{"allow":["GET"]}}],"collection":[{"href":"https:\/\/www.culturalusa.net\/news\/wp-json\/wp\/v2\/posts"}],"about":[{"href":"https:\/\/www.culturalusa.net\/news\/wp-json\/wp\/v2\/types\/post"}],"author":[{"embeddable":true,"href":"https:\/\/www.culturalusa.net\/news\/wp-json\/wp\/v2\/users\/1"}],"replies":[{"embeddable":true,"href":"https:\/\/www.culturalusa.net\/news\/wp-json\/wp\/v2\/comments?post=1619"}],"version-history":[{"count":4,"href":"https:\/\/www.culturalusa.net\/news\/wp-json\/wp\/v2\/posts\/1619\/revisions"}],"predecessor-version":[{"id":1625,"href":"https:\/\/www.culturalusa.net\/news\/wp-json\/wp\/v2\/posts\/1619\/revisions\/1625"}],"wp:featuredmedia":[{"embeddable":true,"href":"https:\/\/www.culturalusa.net\/news\/wp-json\/wp\/v2\/media\/1620"}],"wp:attachment":[{"href":"https:\/\/www.culturalusa.net\/news\/wp-json\/wp\/v2\/media?parent=1619"}],"wp:term":[{"taxonomy":"category","embeddable":true,"href":"https:\/\/www.culturalusa.net\/news\/wp-json\/wp\/v2\/categories?post=1619"},{"taxonomy":"post_tag","embeddable":true,"href":"https:\/\/www.culturalusa.net\/news\/wp-json\/wp\/v2\/tags?post=1619"}],"curies":[{"name":"wp","href":"https:\/\/api.w.org\/{rel}","templated":true}]}}