{"id":1830,"date":"2026-03-29T15:30:41","date_gmt":"2026-03-29T15:30:41","guid":{"rendered":"https:\/\/www.culturalusa.net\/news\/?p=1830"},"modified":"2026-03-29T15:30:41","modified_gmt":"2026-03-29T15:30:41","slug":"astronauta-em-orbita-deixou-de-conseguir-falar-nasa-nao-sabe-motivo","status":"publish","type":"post","link":"https:\/\/www.culturalusa.net\/news\/noticias\/astronauta-em-orbita-deixou-de-conseguir-falar-nasa-nao-sabe-motivo\/","title":{"rendered":"Astronauta em \u00f3rbita deixou de conseguir falar. NASA n\u00e3o sabe motivo."},"content":{"rendered":"<h2>O astronauta Mike Fincke enfrentou problemas de sa\u00fade quando estava a bordo da Esta\u00e7\u00e3o Espacial Internacional, obrigando ao regresso antecipado de toda a tripula\u00e7\u00e3o \u00e0 Terra &#8211; a primeira vez na hist\u00f3ria da estrutura. A NASA ainda est\u00e1 a investigar a causa do incidente.<\/h2>\n<blockquote><p>Mike Fincke estava a jantar no passado dia 7 de janeiro, ap\u00f3s se ter preparado para uma caminhada espacial no dia seguinte, quando, de repente, deixou de conseguir falar. Estava na Esta\u00e7\u00e3o Espacial Internacional.<\/p><\/blockquote>\n<p>&#8220;Foi completamente repentino. Incrivelmente r\u00e1pido&#8221;, contou Fincke numa entrevista \u00e0 Associated Press no Centro Espacial Houston Johnson.<\/p>\n<h3>O astronauta, que j\u00e1 conta com quatro viagens ao espa\u00e7o, e era o mais experiente da tripula\u00e7\u00e3o, disse que n\u00e3o se lembra de ter sentido qualquer dor e garante que n\u00e3o se estava a engasgar quando o problema o atingiu &#8220;rapidamente, como um raio&#8221;.<\/h3>\n<p>&#8220;Os meus colegas de tripula\u00e7\u00e3o claramente viram que eu estava com dificuldades&#8221; e n\u00e3o demoraram a reunir-se \u00e0 volta de Fincke. &#8220;Em poucos segundos, estavam todos a tentar ajudar&#8221;.<\/p>\n<p>Os outros tr\u00eas membros rapidamente entraram em a\u00e7\u00e3o, pedindo ajuda aos m\u00e9dicos de voo da NASA, que acorreram em aux\u00edlio do ex-coronel da For\u00e7a A\u00e9rea de 59.<\/p>\n<p>O epis\u00f3dio durou cerca de 20 minutos ao todo, depois do qual, Fincke disse ter-se sentido completamente bem. Mesmo agora, garantiu, sente-se de plena sa\u00fade, sem ter sofrido algo semelhante desde esse momento.<\/p>\n<p>Desde que regressou \u00e0 Terra, os m\u00e9dicos da NASA t\u00eam levado a cabo in\u00fameros testes e exames para determinar o que poder\u00e1 ter acontecido, mas at\u00e9 agora n\u00e3o chegaram a qualquer conclus\u00e3o.<\/p>\n<p>A \u00fanica teoria &#8211; conhecida &#8211; \u00e9 que a condi\u00e7\u00e3o possa ter que ver com os 549 dias de \u00f3rbita que o astronauta j\u00e1 tem no seu curr\u00edculo, pondo em cima da mesa a hip\u00f3tese de que a perman\u00eancia no Espa\u00e7o (mesmo que em ambiente controlado) possa ter impactos inesperados no corpo humano. Na altura, Fincke estava h\u00e1 j\u00e1 mais de cinco meses no Esta\u00e7\u00e3o Espacial Internacional.<\/p>\n<p>O incidente levou a que pela primeira vez na hist\u00f3ria da estrutura tenha sido necess\u00e1rio antecipar o regresso de uma tripula\u00e7\u00e3o em miss\u00e3o espacial. Regressaram ao planeta a 15 de janeiro, mais de um m\u00eas mais cedo do que o previsto, e foram todos levados diretamente para o hospital<\/p>\n<p>Fincke disse ainda que continua a sentir-se culpado por ter obrigado \u00e0 interrup\u00e7\u00e3o da miss\u00e3o, notando que seria a sua d\u00e9cima caminhada espacial, mas a primeira para a sua colega Zena Cardman. Aparentemente, os seus pedidos de desculpa cont\u00ednuos tornaram-se t\u00e3o frequentes que levaram o administrador da NASA, Jared Isaacman, a proibi-lo de o fazer de novo.<\/p>\n<p>Mike Fincke, otimista, espera agora que haja ainda uma outra viagem ao Espa\u00e7o no seu futuro.<\/p>\n<p><img decoding=\"async\" src=\"https:\/\/www.culturalusa.net\/news\/wp-content\/uploads\/2026\/03\/naom_695f93841bac8.webp\" alt=\"\" width=\"100%\" class=\"aligncenter size-full wp-image-1832\" srcset=\"https:\/\/www.culturalusa.net\/news\/wp-content\/uploads\/2026\/03\/naom_695f93841bac8.webp 960w, https:\/\/www.culturalusa.net\/news\/wp-content\/uploads\/2026\/03\/naom_695f93841bac8-300x169.webp 300w, https:\/\/www.culturalusa.net\/news\/wp-content\/uploads\/2026\/03\/naom_695f93841bac8-768x432.webp 768w\" sizes=\"(max-width: 960px) 100vw, 960px\" \/><\/p>\n","protected":false},"excerpt":{"rendered":"<p>O astronauta Mike Fincke enfrentou problemas de sa\u00fade quando estava a bordo da Esta\u00e7\u00e3o Espacial Internacional, obrigando ao regresso antecipado de toda a tripula\u00e7\u00e3o \u00e0 Terra &#8211; a primeira vez na hist\u00f3ria da estrutura. A NASA ainda est\u00e1 a investigar a causa do incidente. Mike Fincke estava a jantar no passado dia 7 de janeiro, [&hellip;]<\/p>\n","protected":false},"author":1,"featured_media":1831,"comment_status":"closed","ping_status":"open","sticky":false,"template":"","format":"standard","meta":{"footnotes":""},"categories":[22],"tags":[734,737,736,735,678],"class_list":["post-1830","post","type-post","status-publish","format-standard","has-post-thumbnail","hentry","category-noticias","tag-astronauta-em-orbita","tag-astronauta-em-orbita-deixou-de-conseguir-falar","tag-estacao-espacial-internacional","tag-nasa","tag-nasa-anuncia-descoberta"],"aioseo_notices":[],"_links":{"self":[{"href":"https:\/\/www.culturalusa.net\/news\/wp-json\/wp\/v2\/posts\/1830","targetHints":{"allow":["GET"]}}],"collection":[{"href":"https:\/\/www.culturalusa.net\/news\/wp-json\/wp\/v2\/posts"}],"about":[{"href":"https:\/\/www.culturalusa.net\/news\/wp-json\/wp\/v2\/types\/post"}],"author":[{"embeddable":true,"href":"https:\/\/www.culturalusa.net\/news\/wp-json\/wp\/v2\/users\/1"}],"replies":[{"embeddable":true,"href":"https:\/\/www.culturalusa.net\/news\/wp-json\/wp\/v2\/comments?post=1830"}],"version-history":[{"count":1,"href":"https:\/\/www.culturalusa.net\/news\/wp-json\/wp\/v2\/posts\/1830\/revisions"}],"predecessor-version":[{"id":1833,"href":"https:\/\/www.culturalusa.net\/news\/wp-json\/wp\/v2\/posts\/1830\/revisions\/1833"}],"wp:featuredmedia":[{"embeddable":true,"href":"https:\/\/www.culturalusa.net\/news\/wp-json\/wp\/v2\/media\/1831"}],"wp:attachment":[{"href":"https:\/\/www.culturalusa.net\/news\/wp-json\/wp\/v2\/media?parent=1830"}],"wp:term":[{"taxonomy":"category","embeddable":true,"href":"https:\/\/www.culturalusa.net\/news\/wp-json\/wp\/v2\/categories?post=1830"},{"taxonomy":"post_tag","embeddable":true,"href":"https:\/\/www.culturalusa.net\/news\/wp-json\/wp\/v2\/tags?post=1830"}],"curies":[{"name":"wp","href":"https:\/\/api.w.org\/{rel}","templated":true}]}}