{"id":201,"date":"2024-03-05T21:39:09","date_gmt":"2024-03-05T21:39:09","guid":{"rendered":"https:\/\/www.culturalusa.net\/news\/?p=201"},"modified":"2024-03-05T21:39:09","modified_gmt":"2024-03-05T21:39:09","slug":"taxa-de-ocupacao-dos-hoteis-no-algarve-desce-para-463-em-fevereiro","status":"publish","type":"post","link":"https:\/\/www.culturalusa.net\/news\/noticias\/taxa-de-ocupacao-dos-hoteis-no-algarve-desce-para-463-em-fevereiro\/","title":{"rendered":"Taxa de ocupa\u00e7\u00e3o dos hot\u00e9is no Algarve desce para 46,3% em fevereiro"},"content":{"rendered":"<h2>A taxa de ocupa\u00e7\u00e3o por quarto nas unidades de alojamento do Algarve foi de 46,3% em fevereiro, ficando 3,4 pontos percentuais abaixo da verificada no per\u00edodo hom\u00f3logo de 2023, anunciou a principal associa\u00e7\u00e3o hoteleira regional.<\/h2>\n<p>A Associa\u00e7\u00e3o dos Hot\u00e9is e Empreendimentos Tur\u00edsticos do Algarve (AHETA) destacou que o valor obtido na ocupa\u00e7\u00e3o por quarto no \u00faltimo m\u00eas ficou, no entanto, 3,0 pontos percentuais acima do valor registado em 2019, ano em que atividade tur\u00edstica ainda n\u00e3o tinha sido afetada pelas restri\u00e7\u00f5es impostas devido \u00e0 pandemia de covid-19.<\/p>\n<p>&#8220;A taxa de ocupa\u00e7\u00e3o quarto foi de 46,3%, 3,4 p.p. (pontos percentuais) abaixo da verificada em 2023 e 3,0 p.p. acima da verificada em fevereiro de 2019&#8221;, quantificou a AHETA num comunicado.<\/p>\n<p>A mesma fonte assinalou que os mercados que mais cresceram em fevereiro foram &#8220;o neerland\u00eas, com mais 1,5 p.p., o sueco, com mais 1,2 p.p. e o alem\u00e3o, com mais 0,8 p.p.&#8221;.<\/p>\n<p>Em sentido oposto, as maiores descidas &#8220;foram registadas pelo mercado nacional (menos 2,1 p.p.) e pelo mercado brit\u00e2nico (menos 1,5 p.p.)&#8221;, contrap\u00f4s.<\/p>\n<blockquote><p>&#8220;A estadia m\u00e9dia foi de 4,6 noites, 0,3 acima da verificada no m\u00eas hom\u00f3logo de 2023. As estadias m\u00e9dias mais prolongadas foram do mercado sueco, com 14,4 noites e do mercado noruegu\u00eas, com 10,6&#8221;, observou ainda a AHETA.<\/p><\/blockquote>\n","protected":false},"excerpt":{"rendered":"<p>A taxa de ocupa\u00e7\u00e3o por quarto nas unidades de alojamento do Algarve foi de 46,3% em fevereiro, ficando 3,4 pontos percentuais abaixo da verificada no per\u00edodo hom\u00f3logo de 2023, anunciou a principal associa\u00e7\u00e3o hoteleira regional. A Associa\u00e7\u00e3o dos Hot\u00e9is e Empreendimentos Tur\u00edsticos do Algarve (AHETA) destacou que o valor obtido na ocupa\u00e7\u00e3o por quarto no [&hellip;]<\/p>\n","protected":false},"author":1,"featured_media":202,"comment_status":"open","ping_status":"open","sticky":false,"template":"","format":"standard","meta":{"footnotes":""},"categories":[22],"tags":[25,24,23],"class_list":["post-201","post","type-post","status-publish","format-standard","has-post-thumbnail","hentry","category-noticias","tag-algarve","tag-algarve-desce-para-46-3","tag-ocupacao-dos-hoteis-no-algarve"],"aioseo_notices":[],"_links":{"self":[{"href":"https:\/\/www.culturalusa.net\/news\/wp-json\/wp\/v2\/posts\/201","targetHints":{"allow":["GET"]}}],"collection":[{"href":"https:\/\/www.culturalusa.net\/news\/wp-json\/wp\/v2\/posts"}],"about":[{"href":"https:\/\/www.culturalusa.net\/news\/wp-json\/wp\/v2\/types\/post"}],"author":[{"embeddable":true,"href":"https:\/\/www.culturalusa.net\/news\/wp-json\/wp\/v2\/users\/1"}],"replies":[{"embeddable":true,"href":"https:\/\/www.culturalusa.net\/news\/wp-json\/wp\/v2\/comments?post=201"}],"version-history":[{"count":1,"href":"https:\/\/www.culturalusa.net\/news\/wp-json\/wp\/v2\/posts\/201\/revisions"}],"predecessor-version":[{"id":203,"href":"https:\/\/www.culturalusa.net\/news\/wp-json\/wp\/v2\/posts\/201\/revisions\/203"}],"wp:featuredmedia":[{"embeddable":true,"href":"https:\/\/www.culturalusa.net\/news\/wp-json\/wp\/v2\/media\/202"}],"wp:attachment":[{"href":"https:\/\/www.culturalusa.net\/news\/wp-json\/wp\/v2\/media?parent=201"}],"wp:term":[{"taxonomy":"category","embeddable":true,"href":"https:\/\/www.culturalusa.net\/news\/wp-json\/wp\/v2\/categories?post=201"},{"taxonomy":"post_tag","embeddable":true,"href":"https:\/\/www.culturalusa.net\/news\/wp-json\/wp\/v2\/tags?post=201"}],"curies":[{"name":"wp","href":"https:\/\/api.w.org\/{rel}","templated":true}]}}