{"id":262,"date":"2024-03-06T15:15:18","date_gmt":"2024-03-06T15:15:18","guid":{"rendered":"https:\/\/www.culturalusa.net\/news\/?p=262"},"modified":"2024-03-06T15:15:18","modified_gmt":"2024-03-06T15:15:18","slug":"ambientalistas-defendem-compromisso-serio-do-governo-dos-acores","status":"publish","type":"post","link":"https:\/\/www.culturalusa.net\/news\/noticias\/ambientalistas-defendem-compromisso-serio-do-governo-dos-acores\/","title":{"rendered":"Ambientalistas defendem &#8220;compromisso s\u00e9rio&#8221; do Governo dos A\u00e7ores"},"content":{"rendered":"<h2 class=\"article-excerpt\">Associa\u00e7\u00e3o Ecol\u00f3gica Amigos dos A\u00e7ores defendeu hoje que o novo Governo Regional deve estabelecer &#8220;um compromisso s\u00e9rio&#8221; para que exista capacidade econ\u00f3mica e t\u00e9cnica que assegure a execu\u00e7\u00e3o dos compromissos na \u00e1rea ambiental.<\/h2>\n<p><span class=\"news_capital_letter\">&#8220;T<\/span>emos alertado durante algum tempo, e n\u00e3o foi s\u00f3 na \u00faltima legislatura, que existem um conjunto de compromissos na \u00e1rea ambiental que muitas das vezes n\u00e3o s\u00e3o executados e s\u00e3o adiados, de ano para ano, em sucessivos planos de Governo&#8221;, disse o presidente da Associa\u00e7\u00e3o Ecol\u00f3gica, Diogo Caetano, em declara\u00e7\u00f5es \u00e0 ag\u00eancia Lusa.<\/p>\n<p>Diogo Caetano, que falava a prop\u00f3sito da tomada de posse do novo executivo a\u00e7oriano de coliga\u00e7\u00e3o PSD\/CDS-PP\/PPM, que ocorreu na segunda-feira, acrescentou que existem medidas que &#8220;n\u00e3o s\u00e3o executadas e transitam de um ano para o outro&#8221;.<\/p>\n<p>&#8220;Face a esta instabilidade vivida, entendemos que o Governo deve apresentar, desde logo, um conjunto de medidas que sejam efetivamente para serem implementadas num intervalo de tempo definido&#8221;, sublinhou Diogo Caetano.<\/p>\n<p>Ainda segundo o presidente da Associa\u00e7\u00e3o Amigos dos A\u00e7ores, a manuten\u00e7\u00e3o de Alonso Miguel como secret\u00e1rio regional do Ambiente e A\u00e7\u00e3o Clim\u00e1tica permite at\u00e9 &#8220;uma vantagem&#8221; por ter o conhecimento das pastas e poder &#8220;concluir ou avan\u00e7ar&#8221; com assuntos que &#8220;muitas vezes n\u00e3o t\u00eam a execu\u00e7\u00e3o esperada&#8221;.<\/p>\n<p>&#8220;E contamos que o conte\u00fado do programa, que ser\u00e1 apresentado na pr\u00f3xima semana, seja em conson\u00e2ncia com aquilo que j\u00e1 foi apresentado anteriormente, antes de a Assembleia ter sido dissolvida&#8221;, assinalou.<\/p>\n<p>Diogo Caetano elencou como tem\u00e1ticas importantes na \u00e1rea ambiental, e que se relacionam tamb\u00e9m com outros departamentos governamentais, o processo da classifica\u00e7\u00e3o das \u00e1reas marinhas e do aumento de 30% por cento das zonas marinhas protegidas, que o Governo Regional anterior &#8220;tinha em curso&#8221; e cujo processo j\u00e1 tinha sido levado a consulta p\u00fablica.<\/p>\n<h3>Outras das prioridades apontadas pelo respons\u00e1vel s\u00e3o o Plano de Ordenamento Tur\u00edstico e o cumprimento das metas da gest\u00e3o dos res\u00edduos s\u00f3lidos e urbanos.<\/h3>\n<p>As elei\u00e7\u00f5es regionais nos A\u00e7ores foram antecipadas para 04 de fevereiro na sequ\u00eancia do chumbo do Or\u00e7amento para 2024, com os votos contra de PS, BE e IL (que meses antes rompeu o acordo de incid\u00eancia parlamentar com o PSD) e a absten\u00e7\u00e3o do Chega (que desde 2020 tinha um acordo com a coliga\u00e7\u00e3o) e do PAN.<\/p>\n<p>Com a entrada em fun\u00e7\u00f5es, o novo executivo de coliga\u00e7\u00e3o PSD\/CDS-PP\/PPM tem 10 dias para entregar na Assembleia Regional o Programa do Governo, o documento que cont\u00e9m as principais orienta\u00e7\u00f5es pol\u00edticas e as medidas a propor para toda a legislatura.<\/p>\n<p>Em 04 de fevereiro, a coliga\u00e7\u00e3o PSD\/CDS-PP\/PPM venceu as regionais com 43,56% dos votos e elegeu 26 dos 57 deputados da Assembleia Legislativa, precisando de mais tr\u00eas para ter maioria absoluta. (Ag.Lusa)<\/p>\n","protected":false},"excerpt":{"rendered":"<p>Associa\u00e7\u00e3o Ecol\u00f3gica Amigos dos A\u00e7ores defendeu hoje que o novo Governo Regional deve estabelecer &#8220;um compromisso s\u00e9rio&#8221; para que exista capacidade econ\u00f3mica e t\u00e9cnica que assegure a execu\u00e7\u00e3o dos compromissos na \u00e1rea ambiental. &#8220;Temos alertado durante algum tempo, e n\u00e3o foi s\u00f3 na \u00faltima legislatura, que existem um conjunto de compromissos na \u00e1rea ambiental que [&hellip;]<\/p>\n","protected":false},"author":1,"featured_media":263,"comment_status":"open","ping_status":"open","sticky":false,"template":"","format":"standard","meta":{"footnotes":""},"categories":[22],"tags":[44,43,45],"class_list":["post-262","post","type-post","status-publish","format-standard","has-post-thumbnail","hentry","category-noticias","tag-ambientalistas","tag-associacao-ecologica","tag-governo-dos-acores"],"aioseo_notices":[],"_links":{"self":[{"href":"https:\/\/www.culturalusa.net\/news\/wp-json\/wp\/v2\/posts\/262","targetHints":{"allow":["GET"]}}],"collection":[{"href":"https:\/\/www.culturalusa.net\/news\/wp-json\/wp\/v2\/posts"}],"about":[{"href":"https:\/\/www.culturalusa.net\/news\/wp-json\/wp\/v2\/types\/post"}],"author":[{"embeddable":true,"href":"https:\/\/www.culturalusa.net\/news\/wp-json\/wp\/v2\/users\/1"}],"replies":[{"embeddable":true,"href":"https:\/\/www.culturalusa.net\/news\/wp-json\/wp\/v2\/comments?post=262"}],"version-history":[{"count":1,"href":"https:\/\/www.culturalusa.net\/news\/wp-json\/wp\/v2\/posts\/262\/revisions"}],"predecessor-version":[{"id":264,"href":"https:\/\/www.culturalusa.net\/news\/wp-json\/wp\/v2\/posts\/262\/revisions\/264"}],"wp:featuredmedia":[{"embeddable":true,"href":"https:\/\/www.culturalusa.net\/news\/wp-json\/wp\/v2\/media\/263"}],"wp:attachment":[{"href":"https:\/\/www.culturalusa.net\/news\/wp-json\/wp\/v2\/media?parent=262"}],"wp:term":[{"taxonomy":"category","embeddable":true,"href":"https:\/\/www.culturalusa.net\/news\/wp-json\/wp\/v2\/categories?post=262"},{"taxonomy":"post_tag","embeddable":true,"href":"https:\/\/www.culturalusa.net\/news\/wp-json\/wp\/v2\/tags?post=262"}],"curies":[{"name":"wp","href":"https:\/\/api.w.org\/{rel}","templated":true}]}}