{"id":294,"date":"2024-03-08T16:48:22","date_gmt":"2024-03-08T16:48:22","guid":{"rendered":"https:\/\/www.culturalusa.net\/news\/?p=294"},"modified":"2024-03-08T22:30:04","modified_gmt":"2024-03-08T22:30:04","slug":"a-destruicao-da-amazonia-brasileira-regista-queda-de-297-em-fevereiro","status":"publish","type":"post","link":"https:\/\/www.culturalusa.net\/news\/noticias\/a-destruicao-da-amazonia-brasileira-regista-queda-de-297-em-fevereiro\/","title":{"rendered":"A destrui\u00e7\u00e3o da Amaz\u00f3nia brasileira regista queda de 29,7% em fevereiro"},"content":{"rendered":"<h2>A \u00e1rea desflorestada na Amaz\u00f3nia brasileira caiu 29,7% em fevereiro face ao mesmo m\u00eas do ano passado, segundo dados do sistema de alerta de desmatamento do Instituto Nacional de Pesquisas Espaciais (INPE).<\/h2>\n<p>O \u00f3rg\u00e3o estatal que mapeia a desfloresta\u00e7\u00e3o na Amaz\u00f3nia brasileira, usando sat\u00e9lites, informou que a floresta perdeu 226,3 quil\u00f3metros de cobertura vegetal em fevereiro, quase 100 quil\u00f3metros a menos que no mesmo m\u00eas de 2023 (322 quil\u00f3metros quadrados).<\/p>\n<p>No Cerrado, bioma brasileiro que ocupa grande parte da regi\u00e3o central e que comporta oito das 12 principais bacias hidrogr\u00e1ficas do pa\u00eds, houve um crescimento de 18,5% na destrui\u00e7\u00e3o vegetal.<\/p>\n<p>Em fevereiro passado foram desflorestados 655,5 quil\u00f3metros de Cerrado face aos 553,1 quil\u00f3metros desflorestados no mesmo m\u00eas em 2023.<\/p>\n<p>Num comunicado, a organiza\u00e7\u00e3o n\u00e3o-governamental WWF-Brasil destacou que os dados do INPE de agosto de 2023 a fevereiro de 2024 indicam que a Amaz\u00f3nia brasileira registou 2.350 quil\u00f3metros sob alerta de desfloresta\u00e7\u00e3o, uma queda de 56% face ao mesmo per\u00edodo do ano anterior.<\/p>\n<p>J\u00e1 no Cerrado, foram detetados 3.798 quil\u00f3metros quadrados de vegeta\u00e7\u00e3o nativa perdida entre agosto de 2023 e fevereiro de 2024, um crescimento de 63%.<\/p>\n<p>&#8220;Temos acompanhado com grande preocupa\u00e7\u00e3o as tend\u00eancias divergentes de desfloresta\u00e7\u00e3o entre a Amaz\u00f3nia e o Cerrado. Pela fragilidade da legisla\u00e7\u00e3o e din\u00e2mica dos arranjos produtivos, o Cerrado tem sofrido perdas que dificilmente ser\u00e3o revertidas&#8221;, afirmou Mariana Napolitano, diretora de estrat\u00e9gia do WWF-Brasil.<\/p>\n<p>&#8220;O bioma \u00e9 rico em esp\u00e9cies end\u00e9micas, relevante pela quantidade de bacias hidrogr\u00e1ficas e \u00fanico pela diversidade de povos e tradi\u00e7\u00f5es&#8221;, acrescentou.<\/p>\n<p>A ONG lembrou que no Cerrado o c\u00f3digo florestal \u00e9 mais permiss\u00edvel que na Amaz\u00f3nia, por isso uma parte significativa da destrui\u00e7\u00e3o tem autoriza\u00e7\u00f5es legais fornecidas por governos municipais e estaduais.<\/p>\n<p>&#8220;A desfloresta\u00e7\u00e3o do Cerrado contribui para o agravamento da crise clim\u00e1tica que j\u00e1 nos afeta diretamente com o regime irregular de chuvas, secas hist\u00f3ricas, ondas de calor extremas e enchentes. Importante salientar que sem Cerrado n\u00e3o existe Amaz\u00f3nia, o desequil\u00edbrio de uma \u00e1rea certamente afetar\u00e1 os servi\u00e7os ambientais de outra&#8221;, concluiu a diretora de estrat\u00e9gia do WWF-Brasil. (Ag.Lusa)<\/p>\n<div class=\"notranslate\" style=\"all: initial;\"><\/div>\n","protected":false},"excerpt":{"rendered":"<p>A \u00e1rea desflorestada na Amaz\u00f3nia brasileira caiu 29,7% em fevereiro face ao mesmo m\u00eas do ano passado, segundo dados do sistema de alerta de desmatamento do Instituto Nacional de Pesquisas Espaciais (INPE). O \u00f3rg\u00e3o estatal que mapeia a desfloresta\u00e7\u00e3o na Amaz\u00f3nia brasileira, usando sat\u00e9lites, informou que a floresta perdeu 226,3 quil\u00f3metros de cobertura vegetal em [&hellip;]<\/p>\n","protected":false},"author":1,"featured_media":295,"comment_status":"closed","ping_status":"open","sticky":false,"template":"","format":"standard","meta":{"footnotes":""},"categories":[22],"tags":[63,62],"class_list":["post-294","post","type-post","status-publish","format-standard","has-post-thumbnail","hentry","category-noticias","tag-amazonia","tag-destruicao-da-amazonia-brasileira"],"aioseo_notices":[],"_links":{"self":[{"href":"https:\/\/www.culturalusa.net\/news\/wp-json\/wp\/v2\/posts\/294","targetHints":{"allow":["GET"]}}],"collection":[{"href":"https:\/\/www.culturalusa.net\/news\/wp-json\/wp\/v2\/posts"}],"about":[{"href":"https:\/\/www.culturalusa.net\/news\/wp-json\/wp\/v2\/types\/post"}],"author":[{"embeddable":true,"href":"https:\/\/www.culturalusa.net\/news\/wp-json\/wp\/v2\/users\/1"}],"replies":[{"embeddable":true,"href":"https:\/\/www.culturalusa.net\/news\/wp-json\/wp\/v2\/comments?post=294"}],"version-history":[{"count":2,"href":"https:\/\/www.culturalusa.net\/news\/wp-json\/wp\/v2\/posts\/294\/revisions"}],"predecessor-version":[{"id":299,"href":"https:\/\/www.culturalusa.net\/news\/wp-json\/wp\/v2\/posts\/294\/revisions\/299"}],"wp:featuredmedia":[{"embeddable":true,"href":"https:\/\/www.culturalusa.net\/news\/wp-json\/wp\/v2\/media\/295"}],"wp:attachment":[{"href":"https:\/\/www.culturalusa.net\/news\/wp-json\/wp\/v2\/media?parent=294"}],"wp:term":[{"taxonomy":"category","embeddable":true,"href":"https:\/\/www.culturalusa.net\/news\/wp-json\/wp\/v2\/categories?post=294"},{"taxonomy":"post_tag","embeddable":true,"href":"https:\/\/www.culturalusa.net\/news\/wp-json\/wp\/v2\/tags?post=294"}],"curies":[{"name":"wp","href":"https:\/\/api.w.org\/{rel}","templated":true}]}}