{"id":305,"date":"2024-03-09T10:50:26","date_gmt":"2024-03-09T10:50:26","guid":{"rendered":"https:\/\/www.culturalusa.net\/news\/?p=305"},"modified":"2024-03-09T10:50:26","modified_gmt":"2024-03-09T10:50:26","slug":"israel-a-bola-esta-no-campo-do-hamas-para-um-cessar-fogo-em-gaza","status":"publish","type":"post","link":"https:\/\/www.culturalusa.net\/news\/noticias\/israel-a-bola-esta-no-campo-do-hamas-para-um-cessar-fogo-em-gaza\/","title":{"rendered":"Israel ? A bola est\u00e1 &#8220;no campo&#8221; do Hamas para um cessar-fogo em Gaza"},"content":{"rendered":"<h2>O chefe da diplomacia norte-americana, Antony Blinken, afirmou que cabe ao Hamas aceitar um cessar-fogo com Israel, numa altura em que as esperan\u00e7as de uma nova tr\u00e9gua em Gaza diminuem ap\u00f3s cinco meses de guerra.<\/h2>\n<blockquote><p>&#8220;Oproblema \u00e9 o Hamas&#8221;, afirmou Antony Blinken durante uma reuni\u00e3o com o ministro dos Neg\u00f3cios Estrangeiros turco, Hakan Fidan. &#8220;A bola est\u00e1 no campo deles. Estamos a trabalhar arduamente nesse sentido&#8221;, acrescentou.<\/p><\/blockquote>\n<p>Na quinta-feira, durante o discurso sobre o Estado da Uni\u00e3o, o Presidente Joe Biden apelou a uma tr\u00e9gua &#8220;imediata&#8221; de seis semanas para permitir a entrega de ajuda humanit\u00e1ria \u00e0 Faixa de Gaza.<\/p>\n<p>&#8220;N\u00e3o tenho d\u00favidas de que conseguir este cessar-fogo com a liberta\u00e7\u00e3o dos ref\u00e9ns seria profundamente ben\u00e9fico para todas as partes envolvidas&#8221;, afirmou o secret\u00e1rio de Estado norte-americano.<\/p>\n<p>Os negociadores esperavam chegar a um acordo sobre uma tr\u00e9gua antes do Ramad\u00e3o, o m\u00eas sagrado de jejum para os mu\u00e7ulmanos, que come\u00e7a no in\u00edcio da pr\u00f3xima semana.<\/p>\n<p>Pelo seu lado, o Hamas n\u00e3o far\u00e1 &#8220;qualquer ced\u00eancia&#8221; nas suas exig\u00eancias de um cessar-fogo definitivo e de uma retirada das tropas israelitas em troca de um acordo sobre a liberta\u00e7\u00e3o dos ref\u00e9ns, declarou na sexta-feira o porta-voz do seu bra\u00e7o armado. Estas condi\u00e7\u00f5es foram recusadas por Israel.<\/p>\n<p>A 07 de outubro do ano passado, combatentes do Movimento de Resist\u00eancia Isl\u00e2mica (Hamas) &#8212; desde 2007 no poder na Faixa de Gaza e classificado como organiza\u00e7\u00e3o terrorista pelos Estados Unidos, a Uni\u00e3o Europeia e Israel &#8212; realizaram em territ\u00f3rio israelita um ataque de propor\u00e7\u00f5es sem precedentes desde a cria\u00e7\u00e3o do Estado de Israel, em 1948, fazendo 1.163 mortos, na maioria civis, e cerca de 250 ref\u00e9ns, 130 dos quais permanecem em cativeiro, segundo o mais recente balan\u00e7o das autoridades israelitas.<\/p>\n<p>Em retalia\u00e7\u00e3o, Israel declarou uma guerra para &#8220;erradicar&#8221; o Hamas, que come\u00e7ou por cortes ao abastecimento de comida, \u00e1gua, eletricidade e combust\u00edvel na Faixa de Gaza e bombardeamentos di\u00e1rios, seguidos de uma ofensiva terrestre ao norte do territ\u00f3rio, que depois se estendeu ao sul.<\/p>\n<p>A guerra entre Israel e o Hamas fez at\u00e9 agora na Faixa de Gaza mais de 30.800 mortos e mais de 72.000 feridos.<\/p>\n<p>O conflito fez tamb\u00e9m quase dois milh\u00f5es de deslocados, mergulhando o enclave palestiniano sobrepovoado e pobre numa grave crise humanit\u00e1ria, com toda a popula\u00e7\u00e3o afetada por n\u00edveis graves de fome que j\u00e1 est\u00e1 a fazer v\u00edtimas, segundo a ONU. (Ag.Lusa)<\/p>\n","protected":false},"excerpt":{"rendered":"<p>O chefe da diplomacia norte-americana, Antony Blinken, afirmou que cabe ao Hamas aceitar um cessar-fogo com Israel, numa altura em que as esperan\u00e7as de uma nova tr\u00e9gua em Gaza diminuem ap\u00f3s cinco meses de guerra. &#8220;Oproblema \u00e9 o Hamas&#8221;, afirmou Antony Blinken durante uma reuni\u00e3o com o ministro dos Neg\u00f3cios Estrangeiros turco, Hakan Fidan. &#8220;A [&hellip;]<\/p>\n","protected":false},"author":1,"featured_media":306,"comment_status":"open","ping_status":"open","sticky":false,"template":"","format":"standard","meta":{"footnotes":""},"categories":[22],"tags":[72,71,70],"class_list":["post-305","post","type-post","status-publish","format-standard","has-post-thumbnail","hentry","category-noticias","tag-cessar-fogo-em-gaza","tag-hamas","tag-israel"],"aioseo_notices":[],"_links":{"self":[{"href":"https:\/\/www.culturalusa.net\/news\/wp-json\/wp\/v2\/posts\/305","targetHints":{"allow":["GET"]}}],"collection":[{"href":"https:\/\/www.culturalusa.net\/news\/wp-json\/wp\/v2\/posts"}],"about":[{"href":"https:\/\/www.culturalusa.net\/news\/wp-json\/wp\/v2\/types\/post"}],"author":[{"embeddable":true,"href":"https:\/\/www.culturalusa.net\/news\/wp-json\/wp\/v2\/users\/1"}],"replies":[{"embeddable":true,"href":"https:\/\/www.culturalusa.net\/news\/wp-json\/wp\/v2\/comments?post=305"}],"version-history":[{"count":1,"href":"https:\/\/www.culturalusa.net\/news\/wp-json\/wp\/v2\/posts\/305\/revisions"}],"predecessor-version":[{"id":307,"href":"https:\/\/www.culturalusa.net\/news\/wp-json\/wp\/v2\/posts\/305\/revisions\/307"}],"wp:featuredmedia":[{"embeddable":true,"href":"https:\/\/www.culturalusa.net\/news\/wp-json\/wp\/v2\/media\/306"}],"wp:attachment":[{"href":"https:\/\/www.culturalusa.net\/news\/wp-json\/wp\/v2\/media?parent=305"}],"wp:term":[{"taxonomy":"category","embeddable":true,"href":"https:\/\/www.culturalusa.net\/news\/wp-json\/wp\/v2\/categories?post=305"},{"taxonomy":"post_tag","embeddable":true,"href":"https:\/\/www.culturalusa.net\/news\/wp-json\/wp\/v2\/tags?post=305"}],"curies":[{"name":"wp","href":"https:\/\/api.w.org\/{rel}","templated":true}]}}