{"id":411,"date":"2024-03-11T10:16:33","date_gmt":"2024-03-11T10:16:33","guid":{"rendered":"https:\/\/www.culturalusa.net\/news\/?p=411"},"modified":"2024-03-11T10:16:33","modified_gmt":"2024-03-11T10:16:33","slug":"ps-pedro-nuno-assume-derrota-e-felicita-ad-e-ira-agora-liderar-a-oposicao","status":"publish","type":"post","link":"https:\/\/www.culturalusa.net\/news\/portugal\/ps-pedro-nuno-assume-derrota-e-felicita-ad-e-ira-agora-liderar-a-oposicao\/","title":{"rendered":"PS : Pedro Nuno assume derrota e felicita AD, e ir\u00e1 agora &#8220;liderar a oposi\u00e7\u00e3o&#8221;"},"content":{"rendered":"<h2>O secret\u00e1rio-geral do PS assumiu a derrota nas elei\u00e7\u00f5es legislativas, referindo que j\u00e1 felicitou o l\u00edder do PSD, Lu\u00eds Montenegro, pela vit\u00f3ria, e indicou que o partido ir\u00e1 agora &#8220;liderar a oposi\u00e7\u00e3o&#8221;.<\/h2>\n<p>&#8220;Apesar da diferen\u00e7a tangencial entre n\u00f3s e a AD (Alian\u00e7a Democr\u00e1tica), e sem desrespeitar os votos e os eleitores dos c\u00edrculos eleitorais das nossas comunidades, tudo indica que o resultado n\u00e3o permitir\u00e1 ao PS ser o partido mais votado. Quero por isso dar os parab\u00e9ns e felicitar a AD pela vit\u00f3ria nestas elei\u00e7\u00f5es&#8221;, declarou Pedro Nuno Santos num hotel em Lisboa onde os socialistas estiveram a seguir os resultados das elei\u00e7\u00f5es legislativas de domingo.<\/p>\n<p>O l\u00edder do PS referiu que j\u00e1 teve a oportunidade &#8220;de felicitar pessoalmente o l\u00edder da AD&#8221;, aproveitando tamb\u00e9m para felicitar publicamente a coliga\u00e7\u00e3o no seu todo por ter ficado &#8220;em primeiro lugar neste ato eleitoral&#8221;.<\/p>\n<blockquote><p>&#8220;O PS ser\u00e1 oposi\u00e7\u00e3o, n\u00f3s vamos liderar a oposi\u00e7\u00e3o. Seremos oposi\u00e7\u00e3o, renovaremos o partido e procuraremos recuperar os portugueses descontentes com o PS. Essa \u00e9 a nossa tarefa daqui para a frente&#8221;, frisou.<\/p><\/blockquote>\n<p>Questionado pelos jornalistas sobre o porqu\u00ea de assumir a derrota quando a contagem ainda n\u00e3o terminou e a diferen\u00e7a de votos e mandatos \u00e9 muito curta entre o PS e a AD, Pedro Nuno Santos respondeu que &#8220;h\u00e1 uma diferen\u00e7a de cerca de 50 a 60 mil votos que n\u00e3o \u00e9 muito significativa, mas ser\u00e1 muito dif\u00edcil que uma eventual vit\u00f3ria do PS nos c\u00edrculos das comunidades venha a compensar essa diferen\u00e7a&#8221;.<\/p>\n<p>&#8220;N\u00f3s n\u00e3o podemos estar a manter o pa\u00eds em suspenso mais 15 dias quando \u00e9 quase imposs\u00edvel, ou \u00e9 muito improv\u00e1vel, que o resultado no c\u00edrculo das comunidades venha a compensar a diferen\u00e7a que n\u00f3s temos hoje. E, portanto, n\u00e3o vale a pena estarmos aqui a fazer de conta&#8221;, disse.<\/p>\n<p>O l\u00edder do PS refor\u00e7ou que o partido tem resultados que &#8220;mostram que \u00e9 muito dif\u00edcil ao PS ganhar as elei\u00e7\u00f5es em termos de votos e em termos de mandatos mesmo que, do ponto de vista depois do parlamento, possa haver mais surpresas&#8221;.<\/p>\n<p>&#8220;Neste momento, n\u00e3o faz sentido estarmos a manter nenhum suspense sobre as elei\u00e7\u00f5es. Acho que nos cabe a n\u00f3s, PS, reconhecer aquilo que \u00e9 mais prov\u00e1vel que se venha a confirmar daqui a 15 dias do que estar a manter em suspenso uma situa\u00e7\u00e3o que n\u00e3o beneficia ningu\u00e9m&#8221;, frisou.<\/p>\n<p>Antes de o l\u00edder do PS come\u00e7ar a discursar, os militantes do PS que estavam na sala come\u00e7aram a gritar &#8220;25 de Abril sempre, fascismo nunca mais&#8221;. (Ag.Lusa)<\/p>\n","protected":false},"excerpt":{"rendered":"<p>O secret\u00e1rio-geral do PS assumiu a derrota nas elei\u00e7\u00f5es legislativas, referindo que j\u00e1 felicitou o l\u00edder do PSD, Lu\u00eds Montenegro, pela vit\u00f3ria, e indicou que o partido ir\u00e1 agora &#8220;liderar a oposi\u00e7\u00e3o&#8221;. &#8220;Apesar da diferen\u00e7a tangencial entre n\u00f3s e a AD (Alian\u00e7a Democr\u00e1tica), e sem desrespeitar os votos e os eleitores dos c\u00edrculos eleitorais das [&hellip;]<\/p>\n","protected":false},"author":1,"featured_media":412,"comment_status":"open","ping_status":"open","sticky":false,"template":"","format":"standard","meta":{"footnotes":""},"categories":[97],"tags":[98,100,99],"class_list":["post-411","post","type-post","status-publish","format-standard","has-post-thumbnail","hentry","category-portugal","tag-derrota-do-ps","tag-eleicoes-portugal-2024","tag-portugal"],"aioseo_notices":[],"_links":{"self":[{"href":"https:\/\/www.culturalusa.net\/news\/wp-json\/wp\/v2\/posts\/411","targetHints":{"allow":["GET"]}}],"collection":[{"href":"https:\/\/www.culturalusa.net\/news\/wp-json\/wp\/v2\/posts"}],"about":[{"href":"https:\/\/www.culturalusa.net\/news\/wp-json\/wp\/v2\/types\/post"}],"author":[{"embeddable":true,"href":"https:\/\/www.culturalusa.net\/news\/wp-json\/wp\/v2\/users\/1"}],"replies":[{"embeddable":true,"href":"https:\/\/www.culturalusa.net\/news\/wp-json\/wp\/v2\/comments?post=411"}],"version-history":[{"count":1,"href":"https:\/\/www.culturalusa.net\/news\/wp-json\/wp\/v2\/posts\/411\/revisions"}],"predecessor-version":[{"id":413,"href":"https:\/\/www.culturalusa.net\/news\/wp-json\/wp\/v2\/posts\/411\/revisions\/413"}],"wp:featuredmedia":[{"embeddable":true,"href":"https:\/\/www.culturalusa.net\/news\/wp-json\/wp\/v2\/media\/412"}],"wp:attachment":[{"href":"https:\/\/www.culturalusa.net\/news\/wp-json\/wp\/v2\/media?parent=411"}],"wp:term":[{"taxonomy":"category","embeddable":true,"href":"https:\/\/www.culturalusa.net\/news\/wp-json\/wp\/v2\/categories?post=411"},{"taxonomy":"post_tag","embeddable":true,"href":"https:\/\/www.culturalusa.net\/news\/wp-json\/wp\/v2\/tags?post=411"}],"curies":[{"name":"wp","href":"https:\/\/api.w.org\/{rel}","templated":true}]}}