{"id":438,"date":"2024-03-11T14:52:34","date_gmt":"2024-03-11T14:52:34","guid":{"rendered":"https:\/\/www.culturalusa.net\/news\/?p=438"},"modified":"2024-03-11T14:53:13","modified_gmt":"2024-03-11T14:53:13","slug":"mariza-slow-j-e-teto-vao-atuar-no-festival-mar-me-quer-em-portimao","status":"publish","type":"post","link":"https:\/\/www.culturalusa.net\/news\/portugal\/mariza-slow-j-e-teto-vao-atuar-no-festival-mar-me-quer-em-portimao\/","title":{"rendered":"Mariza, Slow J e Teto v\u00e3o atuar no Festival Mar Me Quer em Portim\u00e3o"},"content":{"rendered":"<h2>Os artistas Slow J, Mariza e Teto s\u00e3o os primeiros nomes confirmados para a terceira edi\u00e7\u00e3o do Festival Mar Me Quer, que se realiza na zona ribeirinha de Portim\u00e3o, entre 08 e 10 de agosto, revelou a organiza\u00e7\u00e3o.<\/h2>\n<p>O rapper brasileiro Teto vai atuar no primeiro dia do festival, Slow J vai apresentar-se ao p\u00fablico na segunda jornada, enquanto Mariza encerrar\u00e1 o \u00faltimo dia, elencou \u00e0 ag\u00eancia Lusa fonte da organiza\u00e7\u00e3o, a cargo das promotoras Domingo no Mundo e Music Mov.<\/p>\n<p>&#8220;Depois de duas edi\u00e7\u00f5es de sucesso absoluto (&#8230;), a zona ribeirinha de Portim\u00e3o ser\u00e1 novamente o epicentro de tr\u00eas dias intensos de celebra\u00e7\u00e3o musical e de grande consciencializa\u00e7\u00e3o ambiental e de promo\u00e7\u00e3o da sustentabilidade atrav\u00e9s da cultura e da m\u00fasica&#8221;, antecipou a organiza\u00e7\u00e3o.<\/p>\n<p>A mesma fonte acrescentou que &#8220;o rapper \u00e9 considerado o grande respons\u00e1vel pelo crescimento do Trap no Brasil&#8221;, e um &#8220;caso de sucesso viral&#8221; que lhe deu notoriedade por todo o mundo.<\/p>\n<h3>&#8220;O segundo dia ter\u00e1 como cabe\u00e7a de cartaz o artista portugu\u00eas do momento, Slow J, que depois de editar o \u00e1lbum &#8216;Afro Fado&#8217; esgotou duas noites na MEO Arena em tempo recorde. J\u00e1 o \u00faltimo dia do festival ser\u00e1 encerrado ao som da grande voz de Portugal: Mariza&#8221;, destacou.<\/h3>\n<p>A localiza\u00e7\u00e3o do festival, na zona ribeirinha de Portim\u00e3o, \u00e9 outro dos pontos salientados pelos organizadores para promover o evento, classificando a zona como &#8220;um destino de elei\u00e7\u00e3o para f\u00e9rias&#8221; no Algarve, em plena \u00e9poca alta do turismo na regi\u00e3o.<\/p>\n<blockquote><p>&#8220;O Festival Mar Me Quer tem um verdadeiro compromisso entre a m\u00fasica e a sustentabilidade, sendo um exemplo de como a m\u00fasica e o meio ambiente podem coexistir em harmonia.<\/p><\/blockquote>\n<p>O festival n\u00e3o s\u00f3 celebra a diversidade musical como tamb\u00e9m enfatiza a import\u00e2ncia do desenvolvimento local e da descentraliza\u00e7\u00e3o cultural, promovendo o Algarve como um centro de inova\u00e7\u00e3o e compromisso ambiental&#8221;, posicionou-se a organiza\u00e7\u00e3o.<\/p>\n<p>Toda a decora\u00e7\u00e3o \u00e9 &#8220;desenvolvida por artistas pl\u00e1sticos com a utiliza\u00e7\u00e3o de materiais reciclados provenientes do mar&#8221;, com o objetivo de sensibilizar para a necessidade de proteger o ambiente e para &#8220;a urg\u00eancia da mudan\u00e7a e da ado\u00e7\u00e3o de pr\u00e1ticas sustent\u00e1veis&#8221;, assinalou.<\/p>\n<p>Entre as preocupa\u00e7\u00f5es ambientais est\u00e3o tamb\u00e9m &#8220;o compromisso de minimizar os gastos energ\u00e9ticos, incorporando energia de fontes renov\u00e1veis na ilumina\u00e7\u00e3o, no transporte e na produ\u00e7\u00e3o de energia&#8221; ou a &#8220;redu\u00e7\u00e3o do consumo h\u00eddrico atrav\u00e9s do uso de equipamentos e dispositivos eficientes&#8221;, exemplificou.<\/p>\n<p>&#8220;O Mar Me Quer estima um impacto econ\u00f3mico resultante dos tr\u00eas dias de Festival para 2024 de cerca de 3.000.000 euros, entre receitas de alojamento e de restaura\u00e7\u00e3o para a regi\u00e3o do Algarve, com uma estimativa de trinta e seis mil dormidas de 08 a 10 de agosto&#8221;, estimou ainda a organiza\u00e7\u00e3o.<\/p>\n<p>Os interessados j\u00e1 podem adquirir entradas, estando dispon\u00edveis bilhetes di\u00e1rios (15 euros), Packs Fam\u00edlia (40 euros) e passes de dois (25 euros) e de tr\u00eas dias (35 euros), informaram os promotores, sublinhando que o Mar Me Quer \u00e9 um festival &#8220;eco-consciente&#8221; e ter\u00e1 no primeiro dia a presen\u00e7a do &#8220;fen\u00f3meno brasileiro Teto&#8221;.<\/p>\n","protected":false},"excerpt":{"rendered":"<p>Os artistas Slow J, Mariza e Teto s\u00e3o os primeiros nomes confirmados para a terceira edi\u00e7\u00e3o do Festival Mar Me Quer, que se realiza na zona ribeirinha de Portim\u00e3o, entre 08 e 10 de agosto, revelou a organiza\u00e7\u00e3o. O rapper brasileiro Teto vai atuar no primeiro dia do festival, Slow J vai apresentar-se ao p\u00fablico [&hellip;]<\/p>\n","protected":false},"author":1,"featured_media":439,"comment_status":"closed","ping_status":"open","sticky":false,"template":"","format":"standard","meta":{"footnotes":""},"categories":[97],"tags":[126,121,123,122,124,125],"class_list":["post-438","post","type-post","status-publish","format-standard","has-post-thumbnail","hentry","category-portugal","tag-festival","tag-festival-mar-me-quer","tag-mariza","tag-portimao","tag-slow-j","tag-teto"],"aioseo_notices":[],"_links":{"self":[{"href":"https:\/\/www.culturalusa.net\/news\/wp-json\/wp\/v2\/posts\/438","targetHints":{"allow":["GET"]}}],"collection":[{"href":"https:\/\/www.culturalusa.net\/news\/wp-json\/wp\/v2\/posts"}],"about":[{"href":"https:\/\/www.culturalusa.net\/news\/wp-json\/wp\/v2\/types\/post"}],"author":[{"embeddable":true,"href":"https:\/\/www.culturalusa.net\/news\/wp-json\/wp\/v2\/users\/1"}],"replies":[{"embeddable":true,"href":"https:\/\/www.culturalusa.net\/news\/wp-json\/wp\/v2\/comments?post=438"}],"version-history":[{"count":1,"href":"https:\/\/www.culturalusa.net\/news\/wp-json\/wp\/v2\/posts\/438\/revisions"}],"predecessor-version":[{"id":440,"href":"https:\/\/www.culturalusa.net\/news\/wp-json\/wp\/v2\/posts\/438\/revisions\/440"}],"wp:featuredmedia":[{"embeddable":true,"href":"https:\/\/www.culturalusa.net\/news\/wp-json\/wp\/v2\/media\/439"}],"wp:attachment":[{"href":"https:\/\/www.culturalusa.net\/news\/wp-json\/wp\/v2\/media?parent=438"}],"wp:term":[{"taxonomy":"category","embeddable":true,"href":"https:\/\/www.culturalusa.net\/news\/wp-json\/wp\/v2\/categories?post=438"},{"taxonomy":"post_tag","embeddable":true,"href":"https:\/\/www.culturalusa.net\/news\/wp-json\/wp\/v2\/tags?post=438"}],"curies":[{"name":"wp","href":"https:\/\/api.w.org\/{rel}","templated":true}]}}