{"id":558,"date":"2024-03-16T18:41:56","date_gmt":"2024-03-16T18:41:56","guid":{"rendered":"https:\/\/www.culturalusa.net\/news\/?p=558"},"modified":"2024-03-16T21:25:56","modified_gmt":"2024-03-16T21:25:56","slug":"unicef-diz-que-meio-milhao-de-criancas-pode-morrer-por-desnutricao-aguda","status":"publish","type":"post","link":"https:\/\/www.culturalusa.net\/news\/noticias\/unicef-diz-que-meio-milhao-de-criancas-pode-morrer-por-desnutricao-aguda\/","title":{"rendered":"UNICEF : diz que meio milh\u00e3o de crian\u00e7as pode morrer por desnutri\u00e7\u00e3o aguda"},"content":{"rendered":"<h2>Mais de meio milh\u00e3o de crian\u00e7as est\u00e1 em risco de vida no I\u00e9men devido \u00e0 desnutri\u00e7\u00e3o aguda e uma em cada quatro n\u00e3o tem acesso \u00e0 educa\u00e7\u00e3o, alertou o Fundo das Na\u00e7\u00f5es Unidas para a Inf\u00e2ncia (UNICEF).<\/h2>\n<p>Segundo dados citados pela ag\u00eancia de not\u00edcias Europa Press, numa altura em que se assinalam os nove anos desde o in\u00edcio do conflito naquele pa\u00eds, h\u00e1 mais de 17,6 milh\u00f5es de iemenitas a sofrerem de inseguran\u00e7a alimentar e registam-se mais de 4,5 milh\u00f5es de deslocados internos.<\/p>\n<p>Embora o pa\u00eds viva um per\u00edodo de cessar-fogo entre os rebeldes huthis e o Governo, intermediado pela Organiza\u00e7\u00e3o das Na\u00e7\u00f5es Unidas (ONU), a UNICEF salientou que a pobreza causada pelo conflito originou uma taxa de subnutri\u00e7\u00e3o &#8220;significativamente elevada&#8221; e que mais de metade das crian\u00e7as iemenitas com menos de 5 anos sofre de subnutri\u00e7\u00e3o aguda ou moderada.<\/p>\n<p>De acordo com a organiza\u00e7\u00e3o, s\u00e3o 593.000 as crian\u00e7as que est\u00e3o em risco de vida devido \u00e0 desnutri\u00e7\u00e3o aguda, causadora de problemas m\u00e9dicos que se prolongam ao longo do seu seu crescimento.<\/p>\n<h3>Estima-se que 2,7 milh\u00f5es de crian\u00e7as no I\u00e9men sofram de alguma forma de subnutri\u00e7\u00e3o.<\/h3>\n<p>Num &#8216;briefing&#8217; sobre o nono anivers\u00e1rio do in\u00edcio da guerra no pa\u00eds, a chefe de Sa\u00fade da UNICEF no I\u00e9men, Kebir Hassen alertou para as fragilidades do sistema de sa\u00fade motivadas pelo conflito, que mergulhou o pa\u00eds numa crise social, econ\u00f3mica e pol\u00edtica &#8220;devastadora&#8221;.<\/p>\n<p>Hassen defendeu que a ajuda no <strong>I\u00e9men<\/strong>, mesmo com a interven\u00e7\u00e3o da ONU, continua a depender de doadores e denunciou a presen\u00e7a de epidemias como a poliomielite, alertando para a presen\u00e7a de movimentos antivacina.<\/p>\n<blockquote><p>Num pa\u00eds em guerra desde 2014, junta-se \u00e0 fome a falta de acesso \u00e0 educa\u00e7\u00e3o, que afeta uma em cada quatro crian\u00e7as.<\/p><\/blockquote>\n<p>&#8220;Precisamos de fazer com que estas crian\u00e7as regressem \u00e0 escola, precisamos de lhes dar resultados, uma aprendizagem de qualidade, e ajud\u00e1-las a ter aspira\u00e7\u00f5es para o futuro&#8221;, alertou o representante da UNICEF no I\u00e9men Peter Hawkins, tamb\u00e9m citado pela Europa Press.<\/p>\n<p>O respons\u00e1vel pela Educa\u00e7\u00e3o da UNICEF no I\u00e9men, Nor Shirin, tamb\u00e9m se pronunciou no mesmo sentido, sublinhando a import\u00e2ncia de abordar os desafios educativos das crian\u00e7as no I\u00e9men e real\u00e7ando que a situa\u00e7\u00e3o \u00e9 &#8220;dura e complexa&#8221;.<\/p>\n<p>&#8220;A aprendizagem est\u00e1 em risco&#8221;, alertou, observando n\u00e3o haver falta apenas de escolas, mas tamb\u00e9m de professores, que desde 2016 n\u00e3o s\u00e3o pagos.<\/p>\n<p>A desloca\u00e7\u00e3o for\u00e7ada \u00e9 uma das principais causas da falta de acesso das crian\u00e7as \u00e0 educa\u00e7\u00e3o. Shirin sublinhou que a ag\u00eancia das Na\u00e7\u00f5es Unidas est\u00e1 a trabalhar com as autoridades educativas locais numa tentativa de promover pol\u00edticas que apoiem o acesso ao ensino de &#8220;todas as crian\u00e7as, incluindo as mais vulner\u00e1veis&#8221;.<\/p>\n<p>&#8220;Mais de 80% das crian\u00e7as n\u00e3o t\u00eam as compet\u00eancias necess\u00e1rias para ler e 70% n\u00e3o t\u00eam conhecimentos b\u00e1sicos de matem\u00e1tica. A situa\u00e7\u00e3o das raparigas \u00e9 pior, porque h\u00e1 uma disparidade de g\u00e9nero&#8221;, salientou, acrescentando que a guerra destruiu muitas das infraestruturas ligadas \u00e0 educa\u00e7\u00e3o.<\/p>\n<p>Os huthis controlam a capital do I\u00e9men, San\u00e1, e outras \u00e1reas no norte e oeste do pa\u00eds desde 2015.<\/p>\n<p>As suas a\u00e7\u00f5es obrigaram muitos armadores a suspender a passagem pelas rotas mar\u00edtimas do Mar Vermelho.<\/p>\n<p>Em guerra h\u00e1 mais de uma d\u00e9cada, o I\u00e9men \u00e9 considerado o pa\u00eds mais pobre da Pen\u00ednsula Ar\u00e1bica.<\/p>\n","protected":false},"excerpt":{"rendered":"<p>Mais de meio milh\u00e3o de crian\u00e7as est\u00e1 em risco de vida no I\u00e9men devido \u00e0 desnutri\u00e7\u00e3o aguda e uma em cada quatro n\u00e3o tem acesso \u00e0 educa\u00e7\u00e3o, alertou o Fundo das Na\u00e7\u00f5es Unidas para a Inf\u00e2ncia (UNICEF). Segundo dados citados pela ag\u00eancia de not\u00edcias Europa Press, numa altura em que se assinalam os nove anos [&hellip;]<\/p>\n","protected":false},"author":1,"featured_media":559,"comment_status":"open","ping_status":"open","sticky":false,"template":"","format":"standard","meta":{"footnotes":""},"categories":[22],"tags":[170,171,174,169],"class_list":["post-558","post","type-post","status-publish","format-standard","has-post-thumbnail","hentry","category-noticias","tag-criancas-esta-em-risco-de-vida","tag-desnutricao-aguda","tag-iemen","tag-unicef"],"aioseo_notices":[],"_links":{"self":[{"href":"https:\/\/www.culturalusa.net\/news\/wp-json\/wp\/v2\/posts\/558","targetHints":{"allow":["GET"]}}],"collection":[{"href":"https:\/\/www.culturalusa.net\/news\/wp-json\/wp\/v2\/posts"}],"about":[{"href":"https:\/\/www.culturalusa.net\/news\/wp-json\/wp\/v2\/types\/post"}],"author":[{"embeddable":true,"href":"https:\/\/www.culturalusa.net\/news\/wp-json\/wp\/v2\/users\/1"}],"replies":[{"embeddable":true,"href":"https:\/\/www.culturalusa.net\/news\/wp-json\/wp\/v2\/comments?post=558"}],"version-history":[{"count":3,"href":"https:\/\/www.culturalusa.net\/news\/wp-json\/wp\/v2\/posts\/558\/revisions"}],"predecessor-version":[{"id":569,"href":"https:\/\/www.culturalusa.net\/news\/wp-json\/wp\/v2\/posts\/558\/revisions\/569"}],"wp:featuredmedia":[{"embeddable":true,"href":"https:\/\/www.culturalusa.net\/news\/wp-json\/wp\/v2\/media\/559"}],"wp:attachment":[{"href":"https:\/\/www.culturalusa.net\/news\/wp-json\/wp\/v2\/media?parent=558"}],"wp:term":[{"taxonomy":"category","embeddable":true,"href":"https:\/\/www.culturalusa.net\/news\/wp-json\/wp\/v2\/categories?post=558"},{"taxonomy":"post_tag","embeddable":true,"href":"https:\/\/www.culturalusa.net\/news\/wp-json\/wp\/v2\/tags?post=558"}],"curies":[{"name":"wp","href":"https:\/\/api.w.org\/{rel}","templated":true}]}}