{"id":793,"date":"2024-04-27T15:08:45","date_gmt":"2024-04-27T15:08:45","guid":{"rendered":"https:\/\/www.culturalusa.net\/news\/?p=793"},"modified":"2024-04-27T15:08:45","modified_gmt":"2024-04-27T15:08:45","slug":"foi-aprovada-nova-organica-para-priorizar-fundos-europeus-jovens-e-habitacao","status":"publish","type":"post","link":"https:\/\/www.culturalusa.net\/news\/economia\/foi-aprovada-nova-organica-para-priorizar-fundos-europeus-jovens-e-habitacao\/","title":{"rendered":"Foi aprovada nova org\u00e2nica para priorizar fundos europeus, jovens e habita\u00e7\u00e3o"},"content":{"rendered":"<h2>O Conselho de Ministros aprovou o decreto sobre organiza\u00e7\u00e3o e funcionamento do XXIV Governo, uma nova org\u00e2nica cujas altera\u00e7\u00f5es foram feitas para dar prioridade, entre outras \u00e1reas, \u00e0 execu\u00e7\u00e3o dos fundos estruturais, fixa\u00e7\u00e3o de jovens, desburocratiza\u00e7\u00e3o ou habita\u00e7\u00e3o.<\/h2>\n<p>Em comunicado, o Governo de Lu\u00eds Montenegro refere que foi aprovado no Conselho de Ministros &#8220;o decreto-lei que regula o regime de organiza\u00e7\u00e3o e funcionamento do XXIV Governo Constitucional&#8221;.<\/p>\n<p>&#8220;A nova org\u00e2nica resulta de um equil\u00edbrio entre a minimiza\u00e7\u00e3o dos custos de transi\u00e7\u00e3o e a concentra\u00e7\u00e3o das modifica\u00e7\u00f5es org\u00e2nicas em aspetos que correspondem a prioridades estrat\u00e9gicas do Governo&#8221;, pode ler-se no texto.<\/p>\n<p>De acordo com o mesmo comunicado, &#8220;t\u00eam reflexo em altera\u00e7\u00f5es org\u00e2nicas&#8221; a execu\u00e7\u00e3o dos fundos europeus, a fixa\u00e7\u00e3o e cria\u00e7\u00e3o de oportunidades para os jovens em Portugal, desburocratiza\u00e7\u00e3o e moderniza\u00e7\u00e3o administrativas e tamb\u00e9m &#8220;uma pol\u00edtica integrada e de longo prazo para as qualifica\u00e7\u00f5es dos portugueses&#8221;.<\/p>\n<p>A &#8220;resolu\u00e7\u00e3o do impasse infraestrutural e das graves dificuldades no acesso \u00e0 habita\u00e7\u00e3o&#8221; \u00e9 outro das prioridades do Governo vertidas nesta nova org\u00e2nica.<\/p>\n<p>Na sequ\u00eancia das elei\u00e7\u00f5es antecipadas de 10 de mar\u00e7o, o Governo PSD\/CDS-PP liderado por Lu\u00eds Montenegro tomou posse no in\u00edcio de abril, sucedendo ao executivo socialista de Ant\u00f3nio Costa.<\/p>\n","protected":false},"excerpt":{"rendered":"<p>O Conselho de Ministros aprovou o decreto sobre organiza\u00e7\u00e3o e funcionamento do XXIV Governo, uma nova org\u00e2nica cujas altera\u00e7\u00f5es foram feitas para dar prioridade, entre outras \u00e1reas, \u00e0 execu\u00e7\u00e3o dos fundos estruturais, fixa\u00e7\u00e3o de jovens, desburocratiza\u00e7\u00e3o ou habita\u00e7\u00e3o. Em comunicado, o Governo de Lu\u00eds Montenegro refere que foi aprovado no Conselho de Ministros &#8220;o decreto-lei [&hellip;]<\/p>\n","protected":false},"author":1,"featured_media":794,"comment_status":"closed","ping_status":"open","sticky":false,"template":"","format":"standard","meta":{"footnotes":""},"categories":[131],"tags":[192,226],"class_list":["post-793","post","type-post","status-publish","format-standard","has-post-thumbnail","hentry","category-economia","tag-fundos-europeus","tag-fundos-europeus-jovens-e-habitacao"],"aioseo_notices":[],"_links":{"self":[{"href":"https:\/\/www.culturalusa.net\/news\/wp-json\/wp\/v2\/posts\/793","targetHints":{"allow":["GET"]}}],"collection":[{"href":"https:\/\/www.culturalusa.net\/news\/wp-json\/wp\/v2\/posts"}],"about":[{"href":"https:\/\/www.culturalusa.net\/news\/wp-json\/wp\/v2\/types\/post"}],"author":[{"embeddable":true,"href":"https:\/\/www.culturalusa.net\/news\/wp-json\/wp\/v2\/users\/1"}],"replies":[{"embeddable":true,"href":"https:\/\/www.culturalusa.net\/news\/wp-json\/wp\/v2\/comments?post=793"}],"version-history":[{"count":1,"href":"https:\/\/www.culturalusa.net\/news\/wp-json\/wp\/v2\/posts\/793\/revisions"}],"predecessor-version":[{"id":795,"href":"https:\/\/www.culturalusa.net\/news\/wp-json\/wp\/v2\/posts\/793\/revisions\/795"}],"wp:featuredmedia":[{"embeddable":true,"href":"https:\/\/www.culturalusa.net\/news\/wp-json\/wp\/v2\/media\/794"}],"wp:attachment":[{"href":"https:\/\/www.culturalusa.net\/news\/wp-json\/wp\/v2\/media?parent=793"}],"wp:term":[{"taxonomy":"category","embeddable":true,"href":"https:\/\/www.culturalusa.net\/news\/wp-json\/wp\/v2\/categories?post=793"},{"taxonomy":"post_tag","embeddable":true,"href":"https:\/\/www.culturalusa.net\/news\/wp-json\/wp\/v2\/tags?post=793"}],"curies":[{"name":"wp","href":"https:\/\/api.w.org\/{rel}","templated":true}]}}