{"id":845,"date":"2024-06-15T12:05:39","date_gmt":"2024-06-15T12:05:39","guid":{"rendered":"https:\/\/www.culturalusa.net\/news\/?p=845"},"modified":"2024-06-15T12:05:39","modified_gmt":"2024-06-15T12:05:39","slug":"cristiano-ronaldo-compra-10-da-vista-alegre-e-bordallo-orgulho-enquanto-portugues","status":"publish","type":"post","link":"https:\/\/www.culturalusa.net\/news\/portugal\/cristiano-ronaldo-compra-10-da-vista-alegre-e-bordallo-orgulho-enquanto-portugues\/","title":{"rendered":"Cristiano Ronaldo compra 10% da Vista Alegre e Bordallo. &#8220;Orgulho enquanto portugu\u00eas&#8221;"},"content":{"rendered":"<h2>CR7\u00a0 : O internacional portugu\u00eas vai agora ser dono de parte das marcas Vista Alegre e Bordallo Pinheiro, pelas quais disse &#8220;sempre&#8221; ter &#8220;uma grande admira\u00e7\u00e3o&#8221;.<\/h2>\n<blockquote><p>Cristiano Ronaldo fechou, a compra de 10% do capital da Vista Alegre Atlantis SGPS, que det\u00e9m as marcas Vista Alegre e Bordallo Pinheiro.<\/p><\/blockquote>\n<p>\u201cA Vista Alegre e a Bordallo Pinheiro s\u00e3o marcas pelas quais sempre tive uma grande admira\u00e7\u00e3o e das quais sou cliente ass\u00edduo. A possibilidade de apoiar a estrat\u00e9gia de globaliza\u00e7\u00e3o da marca Vista Alegre, como marca de lifestyle de luxo, \u00e9 um orgulho para mim enquanto portugu\u00eas&#8221;, referiu o craque, em comunicado.<\/p>\n<p>&#8220;Faremos juntos tudo o que estiver ao nosso alcance para promover este \u00edcone nacional de excel\u00eancia e coloc\u00e1-lo no patamar das melhores marcas do mundo&#8221;, rematou.<\/p>\n<p>A informa\u00e7\u00e3o foi confirmada em comunicado emitido pela Comiss\u00e3o do Mercado de Valores Mobili\u00e1rios (CMVM), salientando-se ainda que o jogador tamb\u00e9m vai adquirir 30% da Vista Alegre em Espanha, neg\u00f3cio que se dever\u00e1 &#8220;materializar nos pr\u00f3ximos dias&#8221;.<\/p>\n<p>Segundo a mesma nota, um dos objetivos \u00e9 levar as marcas Vista Alegre e Bordallo Pinheiro aos territ\u00f3rios do M\u00e9dio Oriente e da \u00c1sia. O acordo foi fechado entre CR7 e o Grupo Visabeira, que det\u00e9m o grupo.<\/p>\n<p>O fundador e acionista da Vista Alegre Atlantis SGPS d\u00e1 conta de que este \u00e9 um neg\u00f3cio que pode ser positivo para todos &#8211; n\u00e3o s\u00f3 para Cristiano Ronaldo e a Vista Alegre, como tamb\u00e9m &#8220;para Portugal&#8221;.<\/p>\n<p>Este neg\u00f3cio permitir\u00e1 uma expans\u00e3o das marcas no segmento de luxo em v\u00e1rios mercados internacionais, assim como na hotelaria.<\/p>\n<p>O neg\u00f3cio \u00e9 fechado numa altura em que a marca Vista Alegre celebra 200 anos, n\u00e3o s\u00f3 com exposi\u00e7\u00f5es como tamb\u00e9m com novos lan\u00e7amentos.<\/p>\n","protected":false},"excerpt":{"rendered":"<p>CR7\u00a0 : O internacional portugu\u00eas vai agora ser dono de parte das marcas Vista Alegre e Bordallo Pinheiro, pelas quais disse &#8220;sempre&#8221; ter &#8220;uma grande admira\u00e7\u00e3o&#8221;. Cristiano Ronaldo fechou, a compra de 10% do capital da Vista Alegre Atlantis SGPS, que det\u00e9m as marcas Vista Alegre e Bordallo Pinheiro. \u201cA Vista Alegre e a Bordallo [&hellip;]<\/p>\n","protected":false},"author":1,"featured_media":846,"comment_status":"closed","ping_status":"open","sticky":false,"template":"","format":"standard","meta":{"footnotes":""},"categories":[97],"tags":[250,251],"class_list":["post-845","post","type-post","status-publish","format-standard","has-post-thumbnail","hentry","category-portugal","tag-cristiano-ronaldo","tag-orgulho-enquanto-portugues"],"aioseo_notices":[],"_links":{"self":[{"href":"https:\/\/www.culturalusa.net\/news\/wp-json\/wp\/v2\/posts\/845","targetHints":{"allow":["GET"]}}],"collection":[{"href":"https:\/\/www.culturalusa.net\/news\/wp-json\/wp\/v2\/posts"}],"about":[{"href":"https:\/\/www.culturalusa.net\/news\/wp-json\/wp\/v2\/types\/post"}],"author":[{"embeddable":true,"href":"https:\/\/www.culturalusa.net\/news\/wp-json\/wp\/v2\/users\/1"}],"replies":[{"embeddable":true,"href":"https:\/\/www.culturalusa.net\/news\/wp-json\/wp\/v2\/comments?post=845"}],"version-history":[{"count":1,"href":"https:\/\/www.culturalusa.net\/news\/wp-json\/wp\/v2\/posts\/845\/revisions"}],"predecessor-version":[{"id":847,"href":"https:\/\/www.culturalusa.net\/news\/wp-json\/wp\/v2\/posts\/845\/revisions\/847"}],"wp:featuredmedia":[{"embeddable":true,"href":"https:\/\/www.culturalusa.net\/news\/wp-json\/wp\/v2\/media\/846"}],"wp:attachment":[{"href":"https:\/\/www.culturalusa.net\/news\/wp-json\/wp\/v2\/media?parent=845"}],"wp:term":[{"taxonomy":"category","embeddable":true,"href":"https:\/\/www.culturalusa.net\/news\/wp-json\/wp\/v2\/categories?post=845"},{"taxonomy":"post_tag","embeddable":true,"href":"https:\/\/www.culturalusa.net\/news\/wp-json\/wp\/v2\/tags?post=845"}],"curies":[{"name":"wp","href":"https:\/\/api.w.org\/{rel}","templated":true}]}}