{"id":883,"date":"2024-07-06T14:46:11","date_gmt":"2024-07-06T14:46:11","guid":{"rendered":"https:\/\/www.culturalusa.net\/news\/?p=883"},"modified":"2024-07-10T21:39:03","modified_gmt":"2024-07-10T21:39:03","slug":"festival-cooljazz-chaka-khan-air-e-diana-krall-nos-20-anos-do-festival","status":"publish","type":"post","link":"https:\/\/www.culturalusa.net\/news\/portugal\/festival-cooljazz-chaka-khan-air-e-diana-krall-nos-20-anos-do-festival\/","title":{"rendered":"Festival CoolJazz : Chaka Khan, Air e Diana Krall nos 20 anos do festival"},"content":{"rendered":"<h2>O festival CoolJazz celebra 20 anos, a partir de ter\u00e7a-feira, com sete noites de espet\u00e1culos de artistas e bandas como Chaka Khan, Air, Diana Krall, Jamie Cullum, Fat Freddy&#8217;s Drop, Marina Sena e Dino D&#8217;Santiago, em Cascais.<\/h2>\n<blockquote><p>Vinte anos depois da primeira edi\u00e7\u00e3o, o CoolJazz continua a apostar numa &#8220;fus\u00e3o de sonoridades, que versa em v\u00e1rios estilos de m\u00fasica, onde se destaca muita soul, jazz, blues, funk, disco, cantado em portugu\u00eas e noutras l\u00ednguas&#8221;.<\/p><\/blockquote>\n<p>Para a promotora Karla Campos, da Live Experiences, o melhor momento da hist\u00f3ria do festival foi &#8220;chegar aos 20 anos&#8221;. &#8220;Essa \u00e9 a grande conquista: conseguir manter um festival neste formato, deste g\u00e9nero, ao longo destes 20 anos&#8221;, partilhou, em declara\u00e7\u00f5es \u00e0 ag\u00eancia Lusa.<\/p>\n<p>O pior momento foram &#8220;aqueles dois anos e meio de paragem da covid&#8221;, em que n\u00e3o foi poss\u00edvel realizar-se o CoolJazz e outros tantos festivais de m\u00fasica. No entanto, Karla Campos destaca que essa altura, em que os profissionais da \u00e1rea dos espet\u00e1culos n\u00e3o puderam trabalhar, serviu tamb\u00e9m para &#8220;unir todos &#8212; agentes e artistas&#8221;.<\/p>\n<p>&#8220;Unimo-nos, os que somos concorrentes, para encontrarmos solu\u00e7\u00f5es. Houve um lado positivo de uni\u00e3o, para continuar a remar e seguir em frente&#8221;, recordou.<\/p>\n<p>Programar o CoolJazz desde 2004 &#8220;foi sempre um desafio&#8221;. &#8220;Porque nem sempre tudo aquilo que quero eu consigo, porque os m\u00fasicos n\u00e3o est\u00e3o em digress\u00e3o, por exemplo&#8221;, referiu.<\/p>\n<p>Entre os muitos artistas e bandas que j\u00e1 passaram pelo festival, Karla Campos destaca, &#8220;logo na primeira edi\u00e7\u00e3o&#8221;, Adriana Calcanhotto, Barbara Hendricks &amp; The Magnus Lindgren Jazz Quartet e Roy Ayers.<\/p>\n<h3>Mas tamb\u00e9m Diana Krall e Jamie Cullum, que j\u00e1 atuaram v\u00e1rias vezes no CoolJazz e &#8220;n\u00e3o podiam faltar&#8221; no 20.\u00ba anivers\u00e1rio, Kanye West, John Legend, Mark Knopfler, Sting, Lionel Richie, David Byrne e Van Morrison.<\/h3>\n<p>Quando se lhe pede que aponte a melhor edi\u00e7\u00e3o que o festival j\u00e1 teve, n\u00e3o consegue responder. &#8220;Todas elas me d\u00e3o um prazer enorme&#8221;, disse.<\/p>\n<p>O festival CoolJazz acontece ao longo do m\u00eas de julho e tem tr\u00eas concertos por noite. Come\u00e7a com as Cascais Jazz Sessions, segue com uma primeira parte e termina com o cabe\u00e7a de cartaz.<\/p>\n<p>Este ano, foi criado &#8220;mais um momento de m\u00fasica&#8221;. &#8220;Along\u00e1mos a noite, cri\u00e1mos as Late Nights. Depois do \u00faltimo concerto do palco principal, haver\u00e1 um DJ set no anfiteatro do Parque Marechal Carmona&#8221;, referiu Karla Campos.<\/p>\n<p>A ideia \u00e9 &#8220;continuar a crescer&#8221;. &#8220;Ter mais dias de concertos, mais concertos por dia, mas sempre em sequ\u00eancia, nunca em simult\u00e2neo&#8221;, partilhou.<\/p>\n<p>A partir de ter\u00e7a-feira, o CooJazz regressa ao Hip\u00f3dromo Manuel Possolo, onde est\u00e1 o palco principal, e ao cont\u00edguo Parque Marechal Carmona, onde h\u00e1 um segundo palco e uma zona com bares e espa\u00e7os de restaura\u00e7\u00e3o.<\/p>\n<p>As portas abrem \u00e0s 19h00 e os concertos come\u00e7am \u00e0s 20h00.<\/p>\n<p><strong>Os franceses Air s\u00e3o o grande destaque do primeiro dia.<\/strong> A dupla vai apresentar no festival, na \u00edntegra, o \u00e1lbum &#8216;Moon Safari&#8217;, editado h\u00e1 25 anos, e que inclui temas como &#8216;Sexy Boy&#8217;, &#8216;Kelly watch the stars&#8217; e &#8216;All I need&#8217;.<\/p>\n<p>Antes, atuam a artista croata-portuguesa Lana Gasparotti e os portugueses Marwan, um dos vencedores do concurso de novos talentos do festival. Depois dos Air, haver\u00e1 um DJ set do jornalista Pedro Dias de Almeida.<\/p>\n<p>Na quarta-feira sobem ao palco principal a cantora norte-americana Chaka Khan, voz de temas como &#8216;I&#8217;m every woman&#8217; ou &#8216;Ain&#8217;t nobody&#8217;, que passa por Portugal no \u00e2mbito da digress\u00e3o de celebra\u00e7\u00e3o dos 50 anos de carreira, e os brit\u00e2nicos Morcheeba.<\/p>\n<p>Antes, no Parque Marechal Carmona, atuam os portugueses Onoma, tamb\u00e9m vencedores do concurso de novos talentos, e depois haver\u00e1 um DJ Set do cantor Alex D&#8217;Alva Teixeira.<\/p>\n<p>O terceiro dia de CoolJazz, em 19 de julho, \u00e9 totalmente dedicado \u00e0 m\u00fasica portuguesa, com o palco principal a acolher Dino D&#8217;Santiago e Maro, e o segundo palco o Rog\u00e9rio Pitomba Trio, vencedores do concurso de novos talentos, e um DJ set de Progressivu.<\/p>\n<p>Presen\u00e7a habitual no festival, a cantora e pianista canadiana Diana Krall sobe ao palco principal no dia 26 de julho. Antes, atua o Manuel Oliveira Trio.<\/p>\n<p>Para o segundo palco est\u00e3o marcadas das atua\u00e7\u00f5es da saxofonista e cantora Eunice Barbosa e do DJ Pedro Tenreiro.<\/p>\n<p>Em 27 de julho, atuam no palco principal as cantoras brasileiras Marina Sena e Luedji Luna. Nesse dia, pelo segundo palco passam os portugueses Salamandra e a produtora S\u00f3nia Tr\u00f3picos, em DJ set.<\/p>\n<p>Para o pen\u00faltimo dia do festival est\u00e3o marcadas as atua\u00e7\u00f5es dos neozelandeses Fat Freddy&#8217;s Drop e dos portugueses Expresso Transatl\u00e2ntico, no palco principal, da pianista e compositora luso-angolana Gisela Mabel e da DJ portuguesa Matilde Castro, no segundo palco.<\/p>\n<p>Este ano, o encerramento do CoolJazz, no dia 31 de julho, fica a cargo do cantor e pianista brit\u00e2nico Jamie Cullum, outra presen\u00e7a ass\u00eddua no festival.<\/p>\n<p>Antes de Jamie Cullum atuam, no palco principal, a cantora portuguesa In\u00eas Marques Lucas, e, no segundo palco, o baterista portugu\u00eas Guilherme Melo. O segundo palco ir\u00e1 ainda acolher o DJ set da cantora Beatriz Pessoa com o realizador Daniel Mota.<\/p>\n<h3>A organiza\u00e7\u00e3o espera entre &#8220;43 mil a 45 mil pessoas&#8221; nos sete dias de festival.<\/h3>\n<p>O festival, que este ano tem um novo &#8216;naming sponsor&#8217;, a seguradora Ageas, tem tamb\u00e9m uma programa\u00e7\u00e3o gratuita, as Cascais Lazy Sundays, que acontecem aos domingos nos jardins da Casa das Hist\u00f3rias Paula Rego.<\/p>\n<p>Nos dias 14, 21 e 28 de julho, haver\u00e1 DJ sets, a partir das 19h00, da radialista In\u00eas Lopes Gon\u00e7alves com o baterista Ivo Costa, da radialista Vanda Miranda e do &#8220;artista de variedades&#8221; Wandson, respetivamente.<\/p>\n","protected":false},"excerpt":{"rendered":"<p>O festival CoolJazz celebra 20 anos, a partir de ter\u00e7a-feira, com sete noites de espet\u00e1culos de artistas e bandas como Chaka Khan, Air, Diana Krall, Jamie Cullum, Fat Freddy&#8217;s Drop, Marina Sena e Dino D&#8217;Santiago, em Cascais. Vinte anos depois da primeira edi\u00e7\u00e3o, o CoolJazz continua a apostar numa &#8220;fus\u00e3o de sonoridades, que versa em [&hellip;]<\/p>\n","protected":false},"author":1,"featured_media":884,"comment_status":"closed","ping_status":"open","sticky":false,"template":"","format":"standard","meta":{"footnotes":""},"categories":[97],"tags":[258,257,259,263,261,256,260,262],"class_list":["post-883","post","type-post","status-publish","format-standard","has-post-thumbnail","hentry","category-portugal","tag-air","tag-chaka-khan","tag-diana-krall","tag-dino-dsantiago","tag-fat-freddys-drop","tag-festival-cooljazz","tag-jamie-cullum","tag-marina-sena"],"aioseo_notices":[],"_links":{"self":[{"href":"https:\/\/www.culturalusa.net\/news\/wp-json\/wp\/v2\/posts\/883","targetHints":{"allow":["GET"]}}],"collection":[{"href":"https:\/\/www.culturalusa.net\/news\/wp-json\/wp\/v2\/posts"}],"about":[{"href":"https:\/\/www.culturalusa.net\/news\/wp-json\/wp\/v2\/types\/post"}],"author":[{"embeddable":true,"href":"https:\/\/www.culturalusa.net\/news\/wp-json\/wp\/v2\/users\/1"}],"replies":[{"embeddable":true,"href":"https:\/\/www.culturalusa.net\/news\/wp-json\/wp\/v2\/comments?post=883"}],"version-history":[{"count":1,"href":"https:\/\/www.culturalusa.net\/news\/wp-json\/wp\/v2\/posts\/883\/revisions"}],"predecessor-version":[{"id":885,"href":"https:\/\/www.culturalusa.net\/news\/wp-json\/wp\/v2\/posts\/883\/revisions\/885"}],"wp:featuredmedia":[{"embeddable":true,"href":"https:\/\/www.culturalusa.net\/news\/wp-json\/wp\/v2\/media\/884"}],"wp:attachment":[{"href":"https:\/\/www.culturalusa.net\/news\/wp-json\/wp\/v2\/media?parent=883"}],"wp:term":[{"taxonomy":"category","embeddable":true,"href":"https:\/\/www.culturalusa.net\/news\/wp-json\/wp\/v2\/categories?post=883"},{"taxonomy":"post_tag","embeddable":true,"href":"https:\/\/www.culturalusa.net\/news\/wp-json\/wp\/v2\/tags?post=883"}],"curies":[{"name":"wp","href":"https:\/\/api.w.org\/{rel}","templated":true}]}}