{"id":929,"date":"2024-07-10T17:39:56","date_gmt":"2024-07-10T17:39:56","guid":{"rendered":"https:\/\/www.culturalusa.net\/news\/?p=929"},"modified":"2024-07-10T17:44:03","modified_gmt":"2024-07-10T17:44:03","slug":"cavaco-silva-e-contra-eleicoes-antecipadas-e-nao-ve-drama-caso-oe-seja-chumbado","status":"publish","type":"post","link":"https:\/\/www.culturalusa.net\/news\/portugal\/cavaco-silva-e-contra-eleicoes-antecipadas-e-nao-ve-drama-caso-oe-seja-chumbado\/","title":{"rendered":"Cavaco Silva \u00e9 contra elei\u00e7\u00f5es antecipadas e n\u00e3o v\u00ea drama caso OE seja chumbado"},"content":{"rendered":"<h2>O antigo Presidente da Rep\u00fablica Cavaco Silva afirmou que \u00e9 contra a realiza\u00e7\u00e3o de elei\u00e7\u00f5es antecipadas e, apesar de considerar prov\u00e1vel que o Or\u00e7amento do Estado para 2025 seja aprovado, defendeu n\u00e3o haver &#8220;nenhum drama&#8221; caso seja chumbado.<\/h2>\n<blockquote><p>Em entrevista ao Observador, Cavaco Silva argumentou que, no recente &#8220;texto pedag\u00f3gico&#8221; que escreveu no Expresso, &#8220;em nenhuma das suas partes&#8221; defendeu ou sugeriu &#8220;a realiza\u00e7\u00e3o de elei\u00e7\u00f5es antecipadas&#8221;.<\/p><\/blockquote>\n<p>&#8220;Sou contra as elei\u00e7oes antecipadas&#8221;, enfatizou, explicando que o seu objetivo foi &#8220;ajudar os portugueses a pensar&#8221; em qual o xadrez pol\u00edtico mais favor\u00e1vel para &#8220;aumentar o bem-estar das fam\u00edlias&#8221; j\u00e1 que nos pr\u00f3ximos 10 anos v\u00e3o &#8220;ocorrer duas elei\u00e7\u00f5es legislativas&#8221;.<\/p>\n<p>Questionado sobre a viabiliza\u00e7\u00e3o do pr\u00f3ximo Or\u00e7amento do Estado, o antigo chefe de Estado considerou ser &#8220;muito prov\u00e1vel que venha a ser aprovado&#8221;.<\/p>\n<p>&#8220;Mas n\u00e3o h\u00e1 nenhum drama se n\u00e3o for aprovado. \u00c9 importante aprovar, mas eu n\u00e3o tenho neste momento nenhuma indica\u00e7\u00e3o de que se concretize uma obstru\u00e7\u00e3o t\u00e3o forte por parte dos partidos da oposi\u00e7\u00e3o para que n\u00e3o sejam tomadas medidas que sejam positivas para o crescimento das vari\u00e1veis que eu sublinhei&#8221;, respondeu.<\/p>\n<p>Cavaco Silva ressalvou que &#8220;n\u00e3o aprovar or\u00e7amentos \u00e9 banal nalguns pa\u00edses da Europa&#8221; e deu o exemplo de Espanha, onde o primeiro-ministro &#8220;viveu durante dois anos com duod\u00e9cimos e ningu\u00e9m morreu&#8221;.<\/p>\n<p>Sobre a ida do antigo primeiro-ministro socialista Ant\u00f3nio Costa para a presid\u00eancia do Conselho Europeu, o tamb\u00e9m antigo chefe do executivo destacou que esta &#8220;n\u00e3o \u00e9 uma fun\u00e7\u00e3o executiva&#8221;, mas sim com &#8220;tarefa de coordena\u00e7\u00e3o, de representa\u00e7\u00e3o e de tentar consensos&#8221;.<\/p>\n<p>&#8220;Eu penso que Ant\u00f3nio Costa pode realizar bem essa fun\u00e7\u00e3o. Penso que prestigia Portugal e eu felicito-o&#8221;, elogiou.<\/p>\n<p>Para Cavaco Silva, Ant\u00f3nio Costa &#8220;era inequivocamente a melhor escolha&#8221; entre os Socialistas Europeus.<\/p>\n<p>Sobre a necessidade de serem feitos pactos de regime entre PSD e PS, o antigo Presidente da Rep\u00fablica defendeu que &#8220;apenas os extremos direita e os extremos esquerda&#8221;, ou seja Chega, PCP e BE, &#8220;t\u00eam posi\u00e7\u00f5es inconsistentes&#8221; com o objetivo por si tra\u00e7ado de dar &#8220;o salto em frente no bem-estar das fam\u00edlias portuguesas&#8221;.<\/p>\n<p>&#8220;A possibilidade de um pacto de regime pode ser em rela\u00e7\u00e3o a v\u00e1rias for\u00e7as pol\u00edticas, excluindo os extremos \u00e0 esquerda e \u00e0 direita&#8221;, apontou.<\/p>\n<p>Sobre se o atual Governo de Lu\u00eds Montenegro deve ir at\u00e9 2028, como previsto num calend\u00e1rio eleitoral sem altera\u00e7\u00f5es, o social-democrata enfatizou &#8220;a decis\u00e3o \u00e9 exclusivamente do senhor Presidente da Rep\u00fablica&#8221;, Marcelo Rebelo de Sousa.<\/p>\n<p>&#8220;No passado houve muitas dissolu\u00e7\u00f5es, eu espero que n\u00e3o ocorram, mas essa \u00e9 apenas a minha opini\u00e3o&#8221;, disse.<\/p>\n<p>Em rela\u00e7\u00e3o ao resultado das elei\u00e7\u00f5es francesas, Cavaco Silva considerou que o &#8220;sistema eleitoral franc\u00eas trouxe al\u00edvio a muitos governos da Europa&#8221;, tamb\u00e9m ao portugu\u00eas e a si pr\u00f3prio, mostrando-se &#8220;muito preocupado&#8221; com as elei\u00e7\u00f5es americanas. (Ag.Lusa)<\/p>\n","protected":false},"excerpt":{"rendered":"<p>O antigo Presidente da Rep\u00fablica Cavaco Silva afirmou que \u00e9 contra a realiza\u00e7\u00e3o de elei\u00e7\u00f5es antecipadas e, apesar de considerar prov\u00e1vel que o Or\u00e7amento do Estado para 2025 seja aprovado, defendeu n\u00e3o haver &#8220;nenhum drama&#8221; caso seja chumbado. Em entrevista ao Observador, Cavaco Silva argumentou que, no recente &#8220;texto pedag\u00f3gico&#8221; que escreveu no Expresso, &#8220;em [&hellip;]<\/p>\n","protected":false},"author":1,"featured_media":930,"comment_status":"closed","ping_status":"open","sticky":false,"template":"","format":"standard","meta":{"footnotes":""},"categories":[97],"tags":[273,274,275],"class_list":["post-929","post","type-post","status-publish","format-standard","has-post-thumbnail","hentry","category-portugal","tag-cavaco-silva","tag-contra-eleicoes-antecipadas","tag-orcamento-do-estado"],"aioseo_notices":[],"_links":{"self":[{"href":"https:\/\/www.culturalusa.net\/news\/wp-json\/wp\/v2\/posts\/929","targetHints":{"allow":["GET"]}}],"collection":[{"href":"https:\/\/www.culturalusa.net\/news\/wp-json\/wp\/v2\/posts"}],"about":[{"href":"https:\/\/www.culturalusa.net\/news\/wp-json\/wp\/v2\/types\/post"}],"author":[{"embeddable":true,"href":"https:\/\/www.culturalusa.net\/news\/wp-json\/wp\/v2\/users\/1"}],"replies":[{"embeddable":true,"href":"https:\/\/www.culturalusa.net\/news\/wp-json\/wp\/v2\/comments?post=929"}],"version-history":[{"count":3,"href":"https:\/\/www.culturalusa.net\/news\/wp-json\/wp\/v2\/posts\/929\/revisions"}],"predecessor-version":[{"id":933,"href":"https:\/\/www.culturalusa.net\/news\/wp-json\/wp\/v2\/posts\/929\/revisions\/933"}],"wp:featuredmedia":[{"embeddable":true,"href":"https:\/\/www.culturalusa.net\/news\/wp-json\/wp\/v2\/media\/930"}],"wp:attachment":[{"href":"https:\/\/www.culturalusa.net\/news\/wp-json\/wp\/v2\/media?parent=929"}],"wp:term":[{"taxonomy":"category","embeddable":true,"href":"https:\/\/www.culturalusa.net\/news\/wp-json\/wp\/v2\/categories?post=929"},{"taxonomy":"post_tag","embeddable":true,"href":"https:\/\/www.culturalusa.net\/news\/wp-json\/wp\/v2\/tags?post=929"}],"curies":[{"name":"wp","href":"https:\/\/api.w.org\/{rel}","templated":true}]}}